{"id":430,"date":"2021-04-29T13:57:09","date_gmt":"2021-04-29T11:57:09","guid":{"rendered":"https:\/\/www.asso-unil.ch\/talma\/?p=430"},"modified":"2021-04-29T13:57:10","modified_gmt":"2021-04-29T11:57:10","slug":"expo-steles-deambulations-textuelles-au-palais-de-rumine-prolongee-jusquau-31-mai","status":"publish","type":"post","link":"https:\/\/www.asso-unil.ch\/talma\/2021\/04\/expo-steles-deambulations-textuelles-au-palais-de-rumine-prolongee-jusquau-31-mai\/","title":{"rendered":"Expo \u00ab\u00a0St\u00e8les: d\u00e9ambulations textuelles\u00a0\u00bb au Palais de Rumine prolong\u00e9e jusqu&rsquo;au 31 mai"},"content":{"rendered":"\n<p>Promenade immersive, smartphone en main, parmi des textes po\u00e9tiques entre Antiquit\u00e9 et contemporain, St\u00e8les donne \u00e0 lire et fait voyager dans un espace-temps qui renvoie \u00e0 la fois \u00e0 l\u2019autre et \u00e0 soi. Un itin\u00e9raire \u00e0 travers les \u00e9poques, l\u2019au-del\u00e0, le virtuel, le r\u00e9el , la m\u00e9moire : autant de dimensions, autant de lectures en qu\u00eate d\u2019identit\u00e9 et de souvenir. Installation \u00e0 d\u00e9couvrir au Palais de Rumine, 5e \u00e9tage, autour de la coursive. <\/p>\n\n\n\n<p><strong>Conception <\/strong>Dylan Bovet &amp; Olivier Th\u00e9venaz<\/p>\n\n\n\n<figure class=\"wp-block-image size-large\"><img alt=\"\" loading=\"lazy\" decoding=\"async\" width=\"724\" height=\"1024\" src=\"https:\/\/www.asso-unil.ch\/talma\/files\/2021\/04\/Prolongation_Steles-1-724x1024.png\" alt=\"\" class=\"wp-image-433\" srcset=\"https:\/\/www.asso-unil.ch\/talma\/files\/2021\/04\/Prolongation_Steles-1-724x1024.png 724w, https:\/\/www.asso-unil.ch\/talma\/files\/2021\/04\/Prolongation_Steles-1-212x300.png 212w, https:\/\/www.asso-unil.ch\/talma\/files\/2021\/04\/Prolongation_Steles-1-768x1086.png 768w, https:\/\/www.asso-unil.ch\/talma\/files\/2021\/04\/Prolongation_Steles-1.png 849w\" sizes=\"auto, (max-width: 724px) 100vw, 724px\" \/><\/figure>\n","protected":false},"excerpt":{"rendered":"<p>Promenade immersive, smartphone en main, parmi des textes po\u00e9tiques entre Antiquit\u00e9 et contemporain, St\u00e8les donne \u00e0 lire et fait voyager dans un espace-temps qui renvoie \u00e0 la fois \u00e0 l\u2019autre et \u00e0 soi. Un itin\u00e9raire \u00e0 travers les \u00e9poques, l\u2019au-del\u00e0,<\/p>\n","protected":false},"author":1001168,"featured_media":0,"comment_status":"closed","ping_status":"closed","sticky":false,"template":"","format":"standard","meta":{"_seopress_robots_primary_cat":"","_seopress_titles_title":"","_seopress_titles_desc":"","_seopress_robots_index":"","footnotes":""},"categories":[1],"tags":[],"class_list":{"0":"post-430","1":"post","2":"type-post","3":"status-publish","4":"format-standard","6":"category-uncategorized"},"_links":{"self":[{"href":"https:\/\/www.asso-unil.ch\/talma\/wp-json\/wp\/v2\/posts\/430","targetHints":{"allow":["GET"]}}],"collection":[{"href":"https:\/\/www.asso-unil.ch\/talma\/wp-json\/wp\/v2\/posts"}],"about":[{"href":"https:\/\/www.asso-unil.ch\/talma\/wp-json\/wp\/v2\/types\/post"}],"author":[{"embeddable":true,"href":"https:\/\/www.asso-unil.ch\/talma\/wp-json\/wp\/v2\/users\/1001168"}],"replies":[{"embeddable":true,"href":"https:\/\/www.asso-unil.ch\/talma\/wp-json\/wp\/v2\/comments?post=430"}],"version-history":[{"count":0,"href":"https:\/\/www.asso-unil.ch\/talma\/wp-json\/wp\/v2\/posts\/430\/revisions"}],"wp:attachment":[{"href":"https:\/\/www.asso-unil.ch\/talma\/wp-json\/wp\/v2\/media?parent=430"}],"wp:term":[{"taxonomy":"category","embeddable":true,"href":"https:\/\/www.asso-unil.ch\/talma\/wp-json\/wp\/v2\/categories?post=430"},{"taxonomy":"post_tag","embeddable":true,"href":"https:\/\/www.asso-unil.ch\/talma\/wp-json\/wp\/v2\/tags?post=430"}],"curies":[{"name":"wp","href":"https:\/\/api.w.org\/{rel}","templated":true}]}}