{"id":1017,"date":"2024-09-04T13:25:01","date_gmt":"2024-09-04T11:25:01","guid":{"rendered":"https:\/\/www.asso-unil.ch\/talma\/?p=1017"},"modified":"2024-09-04T13:25:01","modified_gmt":"2024-09-04T11:25:01","slug":"rentree-talma-le-25-septembre-2024","status":"publish","type":"post","link":"https:\/\/www.asso-unil.ch\/talma\/2024\/09\/rentree-talma-le-25-septembre-2024\/","title":{"rendered":"Rentr\u00e9e TALMA le 25 septembre 2024"},"content":{"rendered":"\n<p>Bienvenue aux int\u00e9ress\u00e9e.s pour la nouvelle cr\u00e9ation TALMA! <br>L\u2019atelier est ouvert \u00e0 toustes. La participation <em>annuelle<\/em> aux r\u00e9p\u00e9titions &amp; repr\u00e9sentations permet d&rsquo;obtenir 3 cr\u00e9dits.<br>La s\u00e9ance d\u2019information aura lieu le <strong>mercredi 25 septembre \u00e0 18h15, salle ANT 1018<\/strong>.<br>Puis suivent 2 s\u00e9ances d&rsquo;essai, le mercredi de 18h15 \u00e0 21h45, au m\u00eame endroit.<\/p>\n\n\n\n<p>A partir du 16 octobre, les participant.e.s s&rsquo;engagent formellement.<br>On compte une r\u00e9p\u00e9tition par semaine, m\u00eame  jour m\u00eame salle, et une semaine intensive, la premi\u00e8re de f\u00e9vrier, obligatoire.<\/p>\n\n\n\n<p>La cr\u00e9ation aurait lieu d\u00e9but avril 2025. Sujet: <em>La Voix des Morts&#8230;<\/em><\/p>\n","protected":false},"excerpt":{"rendered":"<p>Bienvenue aux int\u00e9ress\u00e9e.s pour la nouvelle cr\u00e9ation TALMA! L\u2019atelier est ouvert \u00e0 toustes. La participation annuelle aux r\u00e9p\u00e9titions &amp; repr\u00e9sentations permet d&rsquo;obtenir 3 cr\u00e9dits.La s\u00e9ance d\u2019information aura lieu le mercredi 25 septembre \u00e0 18h15, salle ANT 1018.Puis suivent 2 s\u00e9ances<\/p>\n","protected":false},"author":1001169,"featured_media":0,"comment_status":"closed","ping_status":"","sticky":false,"template":"","format":"standard","meta":{"_seopress_robots_primary_cat":"","_seopress_titles_title":"","_seopress_titles_desc":"","_seopress_robots_index":"","footnotes":""},"categories":[1],"tags":[],"class_list":{"0":"post-1017","1":"post","2":"type-post","3":"status-publish","4":"format-standard","6":"category-uncategorized"},"_links":{"self":[{"href":"https:\/\/www.asso-unil.ch\/talma\/wp-json\/wp\/v2\/posts\/1017","targetHints":{"allow":["GET"]}}],"collection":[{"href":"https:\/\/www.asso-unil.ch\/talma\/wp-json\/wp\/v2\/posts"}],"about":[{"href":"https:\/\/www.asso-unil.ch\/talma\/wp-json\/wp\/v2\/types\/post"}],"author":[{"embeddable":true,"href":"https:\/\/www.asso-unil.ch\/talma\/wp-json\/wp\/v2\/users\/1001169"}],"replies":[{"embeddable":true,"href":"https:\/\/www.asso-unil.ch\/talma\/wp-json\/wp\/v2\/comments?post=1017"}],"version-history":[{"count":1,"href":"https:\/\/www.asso-unil.ch\/talma\/wp-json\/wp\/v2\/posts\/1017\/revisions"}],"predecessor-version":[{"id":1018,"href":"https:\/\/www.asso-unil.ch\/talma\/wp-json\/wp\/v2\/posts\/1017\/revisions\/1018"}],"wp:attachment":[{"href":"https:\/\/www.asso-unil.ch\/talma\/wp-json\/wp\/v2\/media?parent=1017"}],"wp:term":[{"taxonomy":"category","embeddable":true,"href":"https:\/\/www.asso-unil.ch\/talma\/wp-json\/wp\/v2\/categories?post=1017"},{"taxonomy":"post_tag","embeddable":true,"href":"https:\/\/www.asso-unil.ch\/talma\/wp-json\/wp\/v2\/tags?post=1017"}],"curies":[{"name":"wp","href":"https:\/\/api.w.org\/{rel}","templated":true}]}}