{"id":452,"date":"2023-07-21T16:39:29","date_gmt":"2023-07-21T14:39:29","guid":{"rendered":"https:\/\/www.asso-unil.ch\/pangea\/?p=452"},"modified":"2023-07-22T10:39:33","modified_gmt":"2023-07-22T08:39:33","slug":"retrospective-2022-2023","status":"publish","type":"post","link":"https:\/\/www.asso-unil.ch\/pangea\/2023\/07\/retrospective-2022-2023\/","title":{"rendered":"R\u00e9trospective 2022-2023"},"content":{"rendered":"\n<p><\/p>\n\n\n\n<p><strong>Soir\u00e9e p\u00e9tanque le 11 mai 2023 <\/strong><\/p>\n\n\n\n<div class=\"wp-block-cover\" style=\"min-height:265px;aspect-ratio:unset;\"><span aria-hidden=\"true\" class=\"wp-block-cover__background has-background-dim\"><\/span><img alt=\"\" loading=\"lazy\" decoding=\"async\" width=\"1008\" height=\"576\" class=\"wp-block-cover__image-background wp-image-475\" alt=\"\" src=\"https:\/\/www.asso-unil.ch\/pangea\/files\/2023\/07\/Capture-decran-2023-07-21-a-16.25.29.png\" data-object-fit=\"cover\" srcset=\"https:\/\/www.asso-unil.ch\/pangea\/files\/2023\/07\/Capture-decran-2023-07-21-a-16.25.29.png 1008w, https:\/\/www.asso-unil.ch\/pangea\/files\/2023\/07\/Capture-decran-2023-07-21-a-16.25.29-300x171.png 300w, https:\/\/www.asso-unil.ch\/pangea\/files\/2023\/07\/Capture-decran-2023-07-21-a-16.25.29-768x439.png 768w\" sizes=\"auto, (max-width: 709px) 85vw, (max-width: 909px) 67vw, (max-width: 1362px) 62vw, 840px\" \/><div class=\"wp-block-cover__inner-container is-layout-flow wp-block-cover-is-layout-flow\">\n<p>Comme chaque ann\u00e9e a eu lieu la mythique soir\u00e9e p\u00e9tanque au refuge du Laviau \u00e0 St-Sulpice. Celle-ci a suivi d&rsquo;un barbecue et de retrouvailles autour d&rsquo;une bi\u00e8re&#8230;<\/p>\n<\/div><\/div>\n\n\n\n<p><\/p>\n\n\n\n<p><strong>Visite des Gorges de l&rsquo;Areuse le 22 avril 2023<\/strong><\/p>\n\n\n\n<div class=\"wp-block-cover\" style=\"min-height:265px;aspect-ratio:unset;\"><span aria-hidden=\"true\" class=\"wp-block-cover__background has-background-dim\"><\/span><img alt=\"\" loading=\"lazy\" decoding=\"async\" width=\"1328\" height=\"706\" class=\"wp-block-cover__image-background wp-image-466\" alt=\"\" src=\"https:\/\/www.asso-unil.ch\/pangea\/files\/2023\/07\/Capture-decran-2023-07-21-a-16.12.44.png\" data-object-fit=\"cover\" srcset=\"https:\/\/www.asso-unil.ch\/pangea\/files\/2023\/07\/Capture-decran-2023-07-21-a-16.12.44.png 1328w, https:\/\/www.asso-unil.ch\/pangea\/files\/2023\/07\/Capture-decran-2023-07-21-a-16.12.44-300x159.png 300w, https:\/\/www.asso-unil.ch\/pangea\/files\/2023\/07\/Capture-decran-2023-07-21-a-16.12.44-1024x544.png 1024w, https:\/\/www.asso-unil.ch\/pangea\/files\/2023\/07\/Capture-decran-2023-07-21-a-16.12.44-768x408.png 768w, https:\/\/www.asso-unil.ch\/pangea\/files\/2023\/07\/Capture-decran-2023-07-21-a-16.12.44-1200x638.png 1200w\" sizes=\"auto, (max-width: 709px) 85vw, (max-width: 909px) 67vw, (max-width: 1362px) 62vw, 840px\" \/><div class=\"wp-block-cover__inner-container is-layout-flow wp-block-cover-is-layout-flow\">\n<p><\/p>\n\n\n\n<p>Par un jour pluvieux, quelques membres se sont retrouv\u00e9.e.s pour une balade g\u00e9ologique dans les Gorges de l\u2019Areuse. Au programme, une recherche de fossiles et de nombreuses informations tant hydrologiques que glaciologiques cont\u00e9es par notre cher guide Brahim. Merci \u00e0 lui pour cette journ\u00e9e et cette jolie d\u00e9couverte.<\/p>\n<\/div><\/div>\n\n\n\n<p><\/p>\n\n\n\n<p><strong>Soir\u00e9e g\u00e9oscience \u00e0 la cave du Bleu L\u00e9zard et aide \u00e0 l&rsquo;organisation du Workchope pour le financement des camps des 3e ann\u00e9es le 20 avril 2023<\/strong><\/p>\n\n\n\n<div class=\"wp-block-cover is-light\" style=\"min-height:265px;aspect-ratio:unset;\"><span aria-hidden=\"true\" class=\"wp-block-cover__background has-background-dim\"><\/span><img alt=\"\" loading=\"lazy\" decoding=\"async\" width=\"991\" height=\"991\" class=\"wp-block-cover__image-background wp-image-494\" alt=\"\" src=\"https:\/\/www.asso-unil.ch\/pangea\/files\/2023\/07\/WhatsApp-Image-2023-07-21-at-22.13.53.jpeg\" data-object-fit=\"cover\" srcset=\"https:\/\/www.asso-unil.ch\/pangea\/files\/2023\/07\/WhatsApp-Image-2023-07-21-at-22.13.53.jpeg 991w, https:\/\/www.asso-unil.ch\/pangea\/files\/2023\/07\/WhatsApp-Image-2023-07-21-at-22.13.53-300x300.jpeg 300w, https:\/\/www.asso-unil.ch\/pangea\/files\/2023\/07\/WhatsApp-Image-2023-07-21-at-22.13.53-150x150.jpeg 150w, https:\/\/www.asso-unil.ch\/pangea\/files\/2023\/07\/WhatsApp-Image-2023-07-21-at-22.13.53-768x768.jpeg 768w\" sizes=\"auto, (max-width: 709px) 85vw, (max-width: 909px) 67vw, (max-width: 1362px) 62vw, 840px\" \/><div class=\"wp-block-cover__inner-container is-layout-flow wp-block-cover-is-layout-flow\">\n<p><\/p>\n\n\n\n<p class=\"has-white-color has-text-color\">Les \u00e9tudiants de g\u00e9oscience ont \u00e9t\u00e9 convi\u00e9s \u00e0 la soir\u00e9e des g\u00e9osciences pour c\u00e9l\u00e9brer les 20 ans de la FGSE en collaboration avec l&rsquo;AEGE. Au programme un dj set avec quatre formidables dj qui ont su faire vibrer nos \u00e9tudiants sous des airs de house et disco funk ! <\/p>\n<\/div><\/div>\n\n\n\n<p><\/p>\n\n\n\n<div class=\"wp-block-cover is-light\" style=\"min-height:265px;aspect-ratio:unset;\"><span aria-hidden=\"true\" class=\"wp-block-cover__background has-background-dim\"><\/span><img alt=\"\" loading=\"lazy\" decoding=\"async\" width=\"1038\" height=\"692\" class=\"wp-block-cover__image-background wp-image-495\" alt=\"\" src=\"https:\/\/www.asso-unil.ch\/pangea\/files\/2023\/07\/Capture-decran-2023-07-22-a-10.26.21.png\" data-object-fit=\"cover\" srcset=\"https:\/\/www.asso-unil.ch\/pangea\/files\/2023\/07\/Capture-decran-2023-07-22-a-10.26.21.png 1038w, https:\/\/www.asso-unil.ch\/pangea\/files\/2023\/07\/Capture-decran-2023-07-22-a-10.26.21-300x200.png 300w, https:\/\/www.asso-unil.ch\/pangea\/files\/2023\/07\/Capture-decran-2023-07-22-a-10.26.21-1024x683.png 1024w, https:\/\/www.asso-unil.ch\/pangea\/files\/2023\/07\/Capture-decran-2023-07-22-a-10.26.21-768x512.png 768w\" sizes=\"auto, (max-width: 709px) 85vw, (max-width: 909px) 67vw, (max-width: 1362px) 62vw, 840px\" \/><div class=\"wp-block-cover__inner-container is-layout-flow wp-block-cover-is-layout-flow\">\n<p><\/p>\n\n\n\n<p class=\"has-white-color has-text-color\">Pangea a soutenu les \u00e9tudiants de troisi\u00e8me ann\u00e9e pour financer leur camp au Maroc. Les \u00e9tudiants de toutes facult\u00e9s confondues se sont retrouv\u00e9es dans la bonne humeur autour de bonnes bi\u00e8res et de musique. Merci \u00e9galement \u00e0 l&rsquo;AEGE pour leur aide et soutien.  <\/p>\n<\/div><\/div>\n\n\n\n<p><\/p>\n\n\n\n<p><strong>Visite du mus\u00e9e cantonal de g\u00e9ologie dans le b\u00e2timent Anthropole le 16 mars 2023<\/strong><\/p>\n\n\n\n<div class=\"wp-block-cover is-light\" style=\"min-height:265px;aspect-ratio:unset;\"><span aria-hidden=\"true\" class=\"wp-block-cover__background has-background-dim\"><\/span><img alt=\"\" loading=\"lazy\" decoding=\"async\" width=\"1568\" height=\"950\" class=\"wp-block-cover__image-background wp-image-489\" alt=\"\" src=\"https:\/\/www.asso-unil.ch\/pangea\/files\/2023\/07\/Capture-decran-2023-07-21-a-16.21.07-6.png\" data-object-fit=\"cover\" srcset=\"https:\/\/www.asso-unil.ch\/pangea\/files\/2023\/07\/Capture-decran-2023-07-21-a-16.21.07-6.png 1568w, https:\/\/www.asso-unil.ch\/pangea\/files\/2023\/07\/Capture-decran-2023-07-21-a-16.21.07-6-300x182.png 300w, https:\/\/www.asso-unil.ch\/pangea\/files\/2023\/07\/Capture-decran-2023-07-21-a-16.21.07-6-1024x620.png 1024w, https:\/\/www.asso-unil.ch\/pangea\/files\/2023\/07\/Capture-decran-2023-07-21-a-16.21.07-6-768x465.png 768w, https:\/\/www.asso-unil.ch\/pangea\/files\/2023\/07\/Capture-decran-2023-07-21-a-16.21.07-6-1536x931.png 1536w, https:\/\/www.asso-unil.ch\/pangea\/files\/2023\/07\/Capture-decran-2023-07-21-a-16.21.07-6-1200x727.png 1200w\" sizes=\"auto, (max-width: 709px) 85vw, (max-width: 909px) 67vw, (max-width: 1362px) 62vw, 840px\" \/><div class=\"wp-block-cover__inner-container is-layout-flow wp-block-cover-is-layout-flow\">\n<p><\/p>\n\n\n\n<p class=\"has-white-color has-text-color\">Une dizaine de nos g\u00e9ologues ont eu l\u2019occasion de d\u00e9couvrir les collections et les proc\u00e9dures de conservation au mus\u00e9e cantonal de g\u00e9ologie dans le b\u00e2timent Anthropole. Une visite tr\u00e8s constructive sur la complexit\u00e9 de ce milieu men\u00e9e par les passionn\u00e9s ! Merci \u00e0 Monsieur Meisser ainsi que ses coll\u00e8gues de nous avoir accueilli !<\/p>\n<\/div><\/div>\n\n\n\n<p><\/p>\n\n\n\n<p><strong>Soir\u00e9e g\u00e9osciences \u00e0 la cave du Bleu L\u00e9zard le 20 octobre 2022 en association avec l&rsquo;AEGE et le collectif Tree House Music <\/strong><\/p>\n\n\n\n<div class=\"wp-block-cover\" style=\"min-height:265px;aspect-ratio:unset;\"><span aria-hidden=\"true\" class=\"wp-block-cover__background has-background-dim\"><\/span><img alt=\"\" loading=\"lazy\" decoding=\"async\" width=\"902\" height=\"746\" class=\"wp-block-cover__image-background wp-image-458\" alt=\"\" src=\"https:\/\/www.asso-unil.ch\/pangea\/files\/2023\/07\/Capture-decran-2023-07-21-a-15.54.54-1.png\" data-object-fit=\"cover\" srcset=\"https:\/\/www.asso-unil.ch\/pangea\/files\/2023\/07\/Capture-decran-2023-07-21-a-15.54.54-1.png 902w, https:\/\/www.asso-unil.ch\/pangea\/files\/2023\/07\/Capture-decran-2023-07-21-a-15.54.54-1-300x248.png 300w, https:\/\/www.asso-unil.ch\/pangea\/files\/2023\/07\/Capture-decran-2023-07-21-a-15.54.54-1-768x635.png 768w\" sizes=\"auto, (max-width: 709px) 85vw, (max-width: 909px) 67vw, (max-width: 1362px) 62vw, 840px\" \/><div class=\"wp-block-cover__inner-container is-layout-flow wp-block-cover-is-layout-flow\">\n<p><\/p>\n\n\n\n<p>Gr\u00e2ce \u00e0 la soir\u00e9e concoct\u00e9e par le collectif Tree House Music et les associations Pangea et AEGE, les \u00e9tudiants de la facult\u00e9 de g\u00e9osciences se sont r\u00e9unis jusqu&rsquo;\u00e0 4 heure du matin dans une ambiance house et disco funk  \u00e0 la cave du bleu l\u00e9zard ! <\/p>\n<\/div><\/div>\n\n\n\n<p><\/p>\n\n\n\n<p><strong>Journ\u00e9e des m\u00e9tiers le 9 novembre 2022 <\/strong><\/p>\n\n\n\n<div class=\"wp-block-cover\" style=\"min-height:260px;aspect-ratio:unset;\"><span aria-hidden=\"true\" class=\"wp-block-cover__background has-background-dim\"><\/span><img alt=\"\" loading=\"lazy\" decoding=\"async\" width=\"1266\" height=\"510\" class=\"wp-block-cover__image-background wp-image-476\" alt=\"\" src=\"https:\/\/www.asso-unil.ch\/pangea\/files\/2023\/07\/Capture-decran-2023-07-21-a-16.30.15.png\" data-object-fit=\"cover\" srcset=\"https:\/\/www.asso-unil.ch\/pangea\/files\/2023\/07\/Capture-decran-2023-07-21-a-16.30.15.png 1266w, https:\/\/www.asso-unil.ch\/pangea\/files\/2023\/07\/Capture-decran-2023-07-21-a-16.30.15-300x121.png 300w, https:\/\/www.asso-unil.ch\/pangea\/files\/2023\/07\/Capture-decran-2023-07-21-a-16.30.15-1024x413.png 1024w, https:\/\/www.asso-unil.ch\/pangea\/files\/2023\/07\/Capture-decran-2023-07-21-a-16.30.15-768x309.png 768w, https:\/\/www.asso-unil.ch\/pangea\/files\/2023\/07\/Capture-decran-2023-07-21-a-16.30.15-1200x483.png 1200w\" sizes=\"auto, (max-width: 709px) 85vw, (max-width: 909px) 67vw, (max-width: 1362px) 62vw, 840px\" \/><div class=\"wp-block-cover__inner-container is-layout-flow wp-block-cover-is-layout-flow\">\n<p><\/p>\n\n\n\n<p>La journ\u00e9e des m\u00e9tiers a permis aux \u00e9tudiants de faire un petit pas dans le monde du travail et de conna\u00eetre les perspectives d&rsquo;avenir apr\u00e8s la formation de g\u00e9ologue. Cette ann\u00e9e, nous avons accueilli un g\u00e9ologue chef de projet, une responsable des sites pollu\u00e9s &#8211; cheffe de projet,  un g\u00e9ologue dans le domaine de conseil environnemental, une g\u00e9ologue dans l&rsquo;unit\u00e9 des dangers naturels de l&rsquo;Etat de Vaud et un g\u00e9ophysicien. Merci \u00e0 eux pour leur implication et pr\u00e9sentation de leur m\u00e9tier ! <\/p>\n<\/div><\/div>\n\n\n\n<p><\/p>\n\n\n\n<p><strong>Joutes g\u00e9ologiques au refuge du Laviau le 6 octobre 2022  <\/strong><\/p>\n\n\n\n<div class=\"wp-block-cover\" style=\"min-height:260px;aspect-ratio:unset;\"><span aria-hidden=\"true\" class=\"wp-block-cover__background has-background-dim\"><\/span><img alt=\"\" loading=\"lazy\" decoding=\"async\" width=\"768\" height=\"1024\" class=\"wp-block-cover__image-background wp-image-454\" alt=\"\" src=\"https:\/\/www.asso-unil.ch\/pangea\/files\/2023\/07\/IMG_6863-768x1024.jpeg\" data-object-fit=\"cover\" srcset=\"https:\/\/www.asso-unil.ch\/pangea\/files\/2023\/07\/IMG_6863-768x1024.jpeg 768w, https:\/\/www.asso-unil.ch\/pangea\/files\/2023\/07\/IMG_6863-225x300.jpeg 225w, https:\/\/www.asso-unil.ch\/pangea\/files\/2023\/07\/IMG_6863.jpeg 900w\" sizes=\"auto, (max-width: 709px) 85vw, (max-width: 909px) 67vw, (max-width: 984px) 61vw, (max-width: 1362px) 45vw, 600px\" \/><div class=\"wp-block-cover__inner-container is-layout-flow wp-block-cover-is-layout-flow\">\n<p><\/p>\n\n\n\n<p>Nos membres ont \u00e9t\u00e9 invit\u00e9s \u00e0 d\u00e9couvrir leurs meilleurs talents d\u2019athl\u00e8te autour de 5 \u00e9preuves : lanc\u00e9 de g\u00e9ologue, course d\u2019obstacles, rallye de beuverie, mime \u00e0 la mine, la musique dans la peau.<\/p>\n\n\n\n<p>Apr\u00e8s l&rsquo;effort, il y a eu place au r\u00e9confort avec une Hot Dog party (aussi v\u00e9g\u00e9tarien friendly) et un bar \u00e0 shot qui a permis de se retrouver tous dans une ambiance chaleureuse et festive. <\/p>\n<\/div><\/div>\n\n\n\n<p><\/p>\n\n\n\n<p>Autres : <\/p>\n\n\n\n<ul class=\"wp-block-list\">\n<li>Vente du mat\u00e9riel g\u00e9ologique pour les premi\u00e8res ann\u00e9es comme tous les ans bien \u00e9videmment (boussole, marteau, loupe) <\/li>\n\n\n\n<li>Soutien financier pour l&rsquo;organisation de la soir\u00e9e d&rsquo;int\u00e9gration des premi\u00e8res ann\u00e9es<\/li>\n\n\n\n<li>Promotion du Bachelor et Master au pr\u00e8s des autres universit\u00e9s <\/li>\n<\/ul>\n","protected":false},"excerpt":{"rendered":"<p>Soir\u00e9e p\u00e9tanque le 11 mai 2023 Visite des Gorges de l&rsquo;Areuse le 22 avril 2023 Soir\u00e9e g\u00e9oscience \u00e0 la cave du Bleu L\u00e9zard et aide \u00e0 l&rsquo;organisation du Workchope pour le financement des camps des 3e ann\u00e9es le 20 avril 2023 Visite du mus\u00e9e cantonal de g\u00e9ologie dans le b\u00e2timent Anthropole le 16 mars 2023 &hellip; <a href=\"https:\/\/www.asso-unil.ch\/pangea\/2023\/07\/retrospective-2022-2023\/\" class=\"more-link\">Continuer la lecture<span class=\"screen-reader-text\"> de &laquo;&nbsp;R\u00e9trospective 2022-2023&nbsp;&raquo;<\/span><\/a><\/p>\n","protected":false},"author":1001239,"featured_media":0,"comment_status":"closed","ping_status":"closed","sticky":false,"template":"","format":"standard","meta":{"_seopress_robots_primary_cat":"","_seopress_titles_title":"","_seopress_titles_desc":"","_seopress_robots_index":"","footnotes":""},"categories":[1],"tags":[],"class_list":{"0":"post-452","1":"post","2":"type-post","3":"status-publish","4":"format-standard","6":"category-uncategorized"},"_links":{"self":[{"href":"https:\/\/www.asso-unil.ch\/pangea\/wp-json\/wp\/v2\/posts\/452","targetHints":{"allow":["GET"]}}],"collection":[{"href":"https:\/\/www.asso-unil.ch\/pangea\/wp-json\/wp\/v2\/posts"}],"about":[{"href":"https:\/\/www.asso-unil.ch\/pangea\/wp-json\/wp\/v2\/types\/post"}],"author":[{"embeddable":true,"href":"https:\/\/www.asso-unil.ch\/pangea\/wp-json\/wp\/v2\/users\/1001239"}],"replies":[{"embeddable":true,"href":"https:\/\/www.asso-unil.ch\/pangea\/wp-json\/wp\/v2\/comments?post=452"}],"version-history":[{"count":0,"href":"https:\/\/www.asso-unil.ch\/pangea\/wp-json\/wp\/v2\/posts\/452\/revisions"}],"wp:attachment":[{"href":"https:\/\/www.asso-unil.ch\/pangea\/wp-json\/wp\/v2\/media?parent=452"}],"wp:term":[{"taxonomy":"category","embeddable":true,"href":"https:\/\/www.asso-unil.ch\/pangea\/wp-json\/wp\/v2\/categories?post=452"},{"taxonomy":"post_tag","embeddable":true,"href":"https:\/\/www.asso-unil.ch\/pangea\/wp-json\/wp\/v2\/tags?post=452"}],"curies":[{"name":"wp","href":"https:\/\/api.w.org\/{rel}","templated":true}]}}