{"id":804,"date":"2018-11-20T10:28:40","date_gmt":"2018-11-20T09:28:40","guid":{"rendered":"http:\/\/www.asso-unil.ch\/orphi\/?p=804"},"modified":"2018-11-20T10:28:40","modified_gmt":"2018-11-20T09:28:40","slug":"a-la-recherche-du-temps-perdu-courir-apres-des-fantomes","status":"publish","type":"post","link":"https:\/\/www.asso-unil.ch\/orphi\/a-la-recherche-du-temps-perdu-courir-apres-des-fantomes\/","title":{"rendered":"\u00c0 la recherche du temps perdu : \u00ab\u00a0courir apr\u00e8s des fant\u00f4mes\u00a0\u00bb"},"content":{"rendered":"<p>L&rsquo;OrPhi a le plaisir de vous inviter \u00e0 sa premi\u00e8re pr\u00e9sentation du semestre ! Celle-ci sera donn\u00e9e par Jonathan Geiser le mardi 16 octobre, c&rsquo;est Marcel Proust qui sera \u00e0 l&rsquo;honneur en ce d\u00e9but d&rsquo;automne. Ne manquez pas cette occasion de faire enfler votre intellect et de partager avec nous un moment agr\u00e9able, presque festif apr\u00e8s la pr\u00e9sentation. Discussion, partage, d\u00e9bat et petit ap\u00e9ro seront au rendez-vous. La conf\u00e9rence a lieu en salle 3174 de l&rsquo;Anthropole.<br \/>\n\u2022 \u2022 \u2022 \u2022 \u2022 \u2022 \u2022 \u2022<br \/>\nDans chaque recoin de notre ch\u00e8re langue Fran\u00e7aise, on trouve dissimul\u00e9s derri\u00e8re quelques concepts arrogants, des r\u00e9sidus essouffl\u00e9s de mythologie. Libert\u00e9, esprit, \u00e2me, religion, ne sont qu\u2019une poign\u00e9e d\u2019exemples parmi la multitude de ces abysses avec lesquels trop facilement, on donne du relief \u00e0 une aberration. Parures de l\u2019aporie, ces concepts agissent comme par magie en conf\u00e9rant \u00e0 n\u2019importe quel \u00e9nonc\u00e9 cette allure d\u2019importance, cet air dramatisant d\u2019autorit\u00e9 qui mette tout le monde d\u2019accord et qui peut \u00eatre, atteint le paroxysme de son efficacit\u00e9 dans l\u2019expression vocale, et sinc\u00e8rement affect\u00e9e du mot amour.<\/p>\n<p>Concept explosif que celui d\u2019amour, contagieux. Une l\u00e9gende raconterait m\u00eame qu\u2019on y aurait gliss\u00e9 l\u2019univers (&#8230;) deux fois ! Big bang de la s\u00e9mantique, conciliateur d\u2019antinomies, l\u2019amour est philia, \u00e9ros, ying et yang, beurre et argent du beurre&#8230; De la copulation au pudding de grand m\u00e8re, il est l\u2019ingr\u00e9dient qui a toujours manqu\u00e9, manque encore et manquera toujours \u00e0 tous ceux qui, perplexes, r\u00e9sistent \u00e0 d\u00e9finir le sens de leurs vies avec un seul mot&#8230;<\/p>\n<p>Car si la destruction du concept est chose ais\u00e9e, la reconstruction de ce qu\u2019il renferme s\u2019av\u00e8re \u00eatre une entreprise disons, un peu plus ambitieuse&#8230; Heureusement donc, pour tous les destructeurs en manque d\u2019inspiration, qu\u2019il existe des \u0153uvres comme La Recherche du temps perdu. Car au-del\u00e0 de son labyrinthe de longues phrases, derri\u00e8re son illustre madeleine \u00e9gotique ou par-dessus tout autre lieu commun que sa r\u00e9ception a bien voulu lui associer, La Recherche sugg\u00e8re, entre bien d\u2019autres choses, un t\u00e9moignage sur la condition humaine qui pr\u00e9cis\u00e9ment, appara\u00eet au travers d\u2019une analyse originale de ces univers multiples et vari\u00e9s, cach\u00e9s derri\u00e8re le mot amour.<\/p>\n<p>Une analyse que je me propose d\u2019utiliser comme axe th\u00e9matique afin d\u2019introduire \u00e0 cette \u0153uvre qui, de par son statut de monument de la litt\u00e9rature fran\u00e7aise, est trop souvent laiss\u00e9e loin de soi, dans cette cat\u00e9gorie bien large remplie d\u2019objets savants qu\u2019\u00e0 un moment ou \u00e0 un autre, \u00ab il faudra bien qu\u2019on lise \u00bb. Ainsi, tout en m\u2019appuyant sur La Recherche en vue d\u2019interroger le concept d\u2019amour, j\u2019essaierai en retour de m\u2019appuyer sur cette interrogation afin de ramener vers l\u2019intimit\u00e9 une \u0153uvre dont l\u2019auteur voulait qu\u2019elle aide ses lecteurs \u00e0 \u00ab \u00eatre les propres lecteurs d\u2019eux-m\u00eames \u00bb.<br \/>\n\u2022 \u2022 \u2022 \u2022 \u2022 \u2022 \u2022 \u2022<\/p>\n<p>Nous nous r\u00e9jouissons de vous y retrouver nombreuses et nombreux !<\/p>\n<p>Le comit\u00e9 de l&rsquo;OrPhi.<\/p>\n<p><a href=\"https:\/\/www.asso-unil.ch\/orphi\/files\/2018\/11\/Jonathan_Proust.png\"><img alt=\"\" loading=\"lazy\" decoding=\"async\" class=\"alignnone size-full wp-image-805\" src=\"https:\/\/www.asso-unil.ch\/orphi\/files\/2018\/11\/Jonathan_Proust.png\" alt=\"\" width=\"1123\" height=\"1588\" srcset=\"https:\/\/www.asso-unil.ch\/orphi\/files\/2018\/11\/Jonathan_Proust.png 1123w, https:\/\/www.asso-unil.ch\/orphi\/files\/2018\/11\/Jonathan_Proust-212x300.png 212w, https:\/\/www.asso-unil.ch\/orphi\/files\/2018\/11\/Jonathan_Proust-724x1024.png 724w, https:\/\/www.asso-unil.ch\/orphi\/files\/2018\/11\/Jonathan_Proust-768x1086.png 768w, https:\/\/www.asso-unil.ch\/orphi\/files\/2018\/11\/Jonathan_Proust-1086x1536.png 1086w\" sizes=\"auto, (max-width: 1123px) 100vw, 1123px\" \/><\/a><\/p>\n","protected":false},"excerpt":{"rendered":"<p>L&rsquo;OrPhi a le plaisir de vous inviter \u00e0 sa premi\u00e8re pr\u00e9sentation du semestre ! Celle-ci sera donn\u00e9e par Jonathan Geiser le mardi 16 octobre, c&rsquo;est Marcel Proust qui sera \u00e0 l&rsquo;honneur en ce d\u00e9but d&rsquo;automne. Ne manquez pas cette occasion de faire enfler votre intellect et de partager avec nous un moment agr\u00e9able, presque festif [&hellip;]<\/p>\n","protected":false},"author":1001120,"featured_media":806,"comment_status":"closed","ping_status":"closed","sticky":false,"template":"","format":"standard","meta":{"_seopress_robots_primary_cat":"","_seopress_titles_title":"","_seopress_titles_desc":"","_seopress_robots_index":"","footnotes":""},"categories":[2],"tags":[],"class_list":{"0":"post-804","1":"post","2":"type-post","3":"status-publish","4":"format-standard","5":"has-post-thumbnail","7":"category-evenement"},"publishpress_future_action":{"enabled":false,"date":"2026-05-07 00:23:19","action":"change-status","newStatus":"draft","terms":[],"taxonomy":"category","extraData":[]},"publishpress_future_workflow_manual_trigger":{"enabledWorkflows":[]},"_links":{"self":[{"href":"https:\/\/www.asso-unil.ch\/orphi\/wp-json\/wp\/v2\/posts\/804","targetHints":{"allow":["GET"]}}],"collection":[{"href":"https:\/\/www.asso-unil.ch\/orphi\/wp-json\/wp\/v2\/posts"}],"about":[{"href":"https:\/\/www.asso-unil.ch\/orphi\/wp-json\/wp\/v2\/types\/post"}],"author":[{"embeddable":true,"href":"https:\/\/www.asso-unil.ch\/orphi\/wp-json\/wp\/v2\/users\/1001120"}],"replies":[{"embeddable":true,"href":"https:\/\/www.asso-unil.ch\/orphi\/wp-json\/wp\/v2\/comments?post=804"}],"version-history":[{"count":0,"href":"https:\/\/www.asso-unil.ch\/orphi\/wp-json\/wp\/v2\/posts\/804\/revisions"}],"wp:featuredmedia":[{"embeddable":true,"href":"https:\/\/www.asso-unil.ch\/orphi\/wp-json\/wp\/v2\/media\/806"}],"wp:attachment":[{"href":"https:\/\/www.asso-unil.ch\/orphi\/wp-json\/wp\/v2\/media?parent=804"}],"wp:term":[{"taxonomy":"category","embeddable":true,"href":"https:\/\/www.asso-unil.ch\/orphi\/wp-json\/wp\/v2\/categories?post=804"},{"taxonomy":"post_tag","embeddable":true,"href":"https:\/\/www.asso-unil.ch\/orphi\/wp-json\/wp\/v2\/tags?post=804"}],"curies":[{"name":"wp","href":"https:\/\/api.w.org\/{rel}","templated":true}]}}