{"id":798,"date":"2018-11-20T10:26:36","date_gmt":"2018-11-20T09:26:36","guid":{"rendered":"http:\/\/www.asso-unil.ch\/orphi\/?p=798"},"modified":"2018-11-20T10:26:36","modified_gmt":"2018-11-20T09:26:36","slug":"apero-de-la-rentree-2","status":"publish","type":"post","link":"https:\/\/www.asso-unil.ch\/orphi\/apero-de-la-rentree-2\/","title":{"rendered":"Ap\u00e9ro de la rentr\u00e9e"},"content":{"rendered":"<p>Ch\u00e8res et chers,<\/p>\n<p>L&rsquo;OrPhi a l&rsquo;immense plaisir de vous retrouver toutes et tous \u00e0 l&rsquo;occasion de son incontournable ap\u00e9ro de rentr\u00e9e le mercredi 10 octobre 2018. Cela sera l&rsquo;occasion de partager nos exp\u00e9riences estivales \u2013 philosophiques ou moins \u2013 autour de quelques verres et petits plats et de profiter d&rsquo;une ambiance festive avant d&rsquo;avancer trop loin dans le semestre! Comme \u00e0 notre habitude, nous poursuivons ces \u00e9v\u00e9nements sur le mode participatif du fameux \u00ab\u00a0buffet canadien\u00a0\u00bb et nous pr\u00e9voirons de fournir nous-m\u00eames d\u00e9j\u00e0 quelques boissons et \u00ab\u00a0substances ap\u00e9ritives\u00a0\u00bb.<\/p>\n<p>Nous comptons sur vous et nous r\u00e9jouissons d&rsquo;ores et d\u00e9j\u00e0 de vous y voir nombreuses et nombreux!<\/p>\n<p>Amicalement,<\/p>\n<p>Le comit\u00e9 de l&rsquo;OrPhi<\/p>\n<p><a href=\"https:\/\/www.asso-unil.ch\/orphi\/files\/2018\/11\/Ap\u00e9ro_Octobre_2018.png\"><img alt=\"\" loading=\"lazy\" decoding=\"async\" class=\"alignnone size-full wp-image-801\" src=\"https:\/\/www.asso-unil.ch\/orphi\/files\/2018\/11\/Ap\u00e9ro_Octobre_2018.png\" alt=\"\" width=\"849\" height=\"1200\" srcset=\"https:\/\/www.asso-unil.ch\/orphi\/files\/2018\/11\/Ap\u00e9ro_Octobre_2018.png 849w, https:\/\/www.asso-unil.ch\/orphi\/files\/2018\/11\/Ap\u00e9ro_Octobre_2018-212x300.png 212w, https:\/\/www.asso-unil.ch\/orphi\/files\/2018\/11\/Ap\u00e9ro_Octobre_2018-724x1024.png 724w, https:\/\/www.asso-unil.ch\/orphi\/files\/2018\/11\/Ap\u00e9ro_Octobre_2018-768x1086.png 768w\" sizes=\"auto, (max-width: 849px) 100vw, 849px\" \/><\/a><\/p>\n<p>&nbsp;<\/p>\n","protected":false},"excerpt":{"rendered":"<p>Ch\u00e8res et chers, L&rsquo;OrPhi a l&rsquo;immense plaisir de vous retrouver toutes et tous \u00e0 l&rsquo;occasion de son incontournable ap\u00e9ro de rentr\u00e9e le mercredi 10 octobre 2018. Cela sera l&rsquo;occasion de partager nos exp\u00e9riences estivales \u2013 philosophiques ou moins \u2013 autour de quelques verres et petits plats et de profiter d&rsquo;une ambiance festive avant d&rsquo;avancer trop [&hellip;]<\/p>\n","protected":false},"author":1001120,"featured_media":800,"comment_status":"closed","ping_status":"closed","sticky":false,"template":"","format":"standard","meta":{"_seopress_robots_primary_cat":"","_seopress_titles_title":"","_seopress_titles_desc":"","_seopress_robots_index":"","footnotes":""},"categories":[2,6],"tags":[],"class_list":{"0":"post-798","1":"post","2":"type-post","3":"status-publish","4":"format-standard","5":"has-post-thumbnail","7":"category-evenement","8":"category-festif"},"publishpress_future_action":{"enabled":false,"date":"2026-05-06 22:57:17","action":"change-status","newStatus":"draft","terms":[],"taxonomy":"category","extraData":[]},"publishpress_future_workflow_manual_trigger":{"enabledWorkflows":[]},"_links":{"self":[{"href":"https:\/\/www.asso-unil.ch\/orphi\/wp-json\/wp\/v2\/posts\/798","targetHints":{"allow":["GET"]}}],"collection":[{"href":"https:\/\/www.asso-unil.ch\/orphi\/wp-json\/wp\/v2\/posts"}],"about":[{"href":"https:\/\/www.asso-unil.ch\/orphi\/wp-json\/wp\/v2\/types\/post"}],"author":[{"embeddable":true,"href":"https:\/\/www.asso-unil.ch\/orphi\/wp-json\/wp\/v2\/users\/1001120"}],"replies":[{"embeddable":true,"href":"https:\/\/www.asso-unil.ch\/orphi\/wp-json\/wp\/v2\/comments?post=798"}],"version-history":[{"count":0,"href":"https:\/\/www.asso-unil.ch\/orphi\/wp-json\/wp\/v2\/posts\/798\/revisions"}],"wp:featuredmedia":[{"embeddable":true,"href":"https:\/\/www.asso-unil.ch\/orphi\/wp-json\/wp\/v2\/media\/800"}],"wp:attachment":[{"href":"https:\/\/www.asso-unil.ch\/orphi\/wp-json\/wp\/v2\/media?parent=798"}],"wp:term":[{"taxonomy":"category","embeddable":true,"href":"https:\/\/www.asso-unil.ch\/orphi\/wp-json\/wp\/v2\/categories?post=798"},{"taxonomy":"post_tag","embeddable":true,"href":"https:\/\/www.asso-unil.ch\/orphi\/wp-json\/wp\/v2\/tags?post=798"}],"curies":[{"name":"wp","href":"https:\/\/api.w.org\/{rel}","templated":true}]}}