{"id":744,"date":"2017-12-05T16:29:53","date_gmt":"2017-12-05T15:29:53","guid":{"rendered":"http:\/\/www.asso-unil.ch\/orphi\/?p=744"},"modified":"2017-12-05T16:35:11","modified_gmt":"2017-12-05T15:35:11","slug":"fete-de-fin-de-semestre","status":"publish","type":"post","link":"https:\/\/www.asso-unil.ch\/orphi\/fete-de-fin-de-semestre\/","title":{"rendered":"F\u00eate de fin de semestre"},"content":{"rendered":"<p>C&rsquo;est avec beaucoup d&rsquo;enthousiasme que l&rsquo;OrPhi vous convie \u00e0 l\u2019ultime soir\u00e9e de ce semestre d\u2019automne le MERCREDI 13 D\u00c9CEMBRE d\u00e8s 17h30 \u00e0 ZELIG !<\/p>\n<p>Pour le plaisir de vos oreilles, nous avons l\u2019honneur de recevoir trois talents musicaux qui sauront vous faire groover, valser, swinguer jusqu\u2019au bout de la soir\u00e9e. Pour celui de vos papilles, vous trouverez aussi de quoi vous restaurer si la bi\u00e8re ne suffit pas \u00e0 combler votre estomac! Les membres de l\u2019association se r\u00e9jouissent d\u00e9j\u00e0 de pouvoir vous servir vos breuvages pr\u00e9f\u00e9r\u00e9s derri\u00e8re le bar de Zelig, et \u00e0 ce propos, si vous voulez vous aussi les rejoindre pour les soutenir et leur offrir quelques bras et quelques mains, c\u2019est avec grand plaisir qu\u2019ils vous accu<span class=\"text_exposed_show\">eilleront (faites-le nous savoir \u00e0 l&rsquo;adresse suivante : orphi@asso-unil.ch).<\/span><\/p>\n<p>Line-up de la soir\u00e9e :<\/p>\n<p>? 20h30-21h15 ~ Red Eyed Cheetah ~ Rock stoner<br \/>\n<a href=\"https:\/\/www.facebook.com\/redeyedcheetah\/\" rel=\"nofollow\">https:\/\/www.facebook.com\/redeyedcheetah\/<\/a><\/p>\n<p>? 21h30-22h15 ~ Unholy Pagoda ~ Grunge<br \/>\n<a href=\"https:\/\/www.facebook.com\/Unholy-Pagoda-330930167043535\/\" rel=\"nofollow\">https:\/\/www.facebook.com\/Unholy-Pagoda-330930167043535\/<\/a><\/p>\n<p>? 22h30-0h00 ~ Malley Gang ~ Disco house<\/p>\n<p>Nous nous r\u00e9jouissons d\u00e9j\u00e0 de vous retrouver nombreuses et nombreux afin de passer cette tant attendue soir\u00e9e \u00e0 vos c\u00f4t\u00e9s!<\/p>\n<p>&nbsp;<\/p>\n<p>Toutes les informations relatives \u00e0 l&rsquo;\u00e9v\u00e9nement se retrouvent \u00e9galement sur nos affiches ainsi que sur notre page Facebook.<\/p>\n<p>&nbsp;<\/p>\n<p><a href=\"https:\/\/www.asso-unil.ch\/orphi\/files\/2017\/12\/Ape\u0301ro-De\u0301cembre-2017.png\"><img alt=\"\" loading=\"lazy\" decoding=\"async\" class=\"alignnone size-full wp-image-750\" src=\"https:\/\/www.asso-unil.ch\/orphi\/files\/2017\/12\/Ape\u0301ro-De\u0301cembre-2017.png\" alt=\"\" width=\"849\" height=\"1200\" srcset=\"https:\/\/www.asso-unil.ch\/orphi\/files\/2017\/12\/Ape\u0301ro-De\u0301cembre-2017.png 849w, https:\/\/www.asso-unil.ch\/orphi\/files\/2017\/12\/Ape\u0301ro-De\u0301cembre-2017-212x300.png 212w, https:\/\/www.asso-unil.ch\/orphi\/files\/2017\/12\/Ape\u0301ro-De\u0301cembre-2017-724x1024.png 724w, https:\/\/www.asso-unil.ch\/orphi\/files\/2017\/12\/Ape\u0301ro-De\u0301cembre-2017-768x1086.png 768w\" sizes=\"auto, (max-width: 849px) 100vw, 849px\" \/><\/a><\/p>\n","protected":false},"excerpt":{"rendered":"<p>C&rsquo;est avec beaucoup d&rsquo;enthousiasme que l&rsquo;OrPhi vous convie \u00e0 l\u2019ultime soir\u00e9e de ce semestre d\u2019automne le MERCREDI 13 D\u00c9CEMBRE d\u00e8s 17h30 \u00e0 ZELIG ! Pour le plaisir de vos oreilles, nous avons l\u2019honneur de recevoir trois talents musicaux qui sauront vous faire groover, valser, swinguer jusqu\u2019au bout de la soir\u00e9e. Pour celui de vos papilles, [&hellip;]<\/p>\n","protected":false},"author":1001120,"featured_media":752,"comment_status":"closed","ping_status":"closed","sticky":false,"template":"","format":"standard","meta":{"_seopress_robots_primary_cat":"","_seopress_titles_title":"","_seopress_titles_desc":"","_seopress_robots_index":"","footnotes":""},"categories":[2],"tags":[],"class_list":{"0":"post-744","1":"post","2":"type-post","3":"status-publish","4":"format-standard","5":"has-post-thumbnail","7":"category-evenement"},"publishpress_future_action":{"enabled":false,"date":"2026-05-09 11:56:09","action":"change-status","newStatus":"draft","terms":[],"taxonomy":"category","extraData":[]},"publishpress_future_workflow_manual_trigger":{"enabledWorkflows":[]},"_links":{"self":[{"href":"https:\/\/www.asso-unil.ch\/orphi\/wp-json\/wp\/v2\/posts\/744","targetHints":{"allow":["GET"]}}],"collection":[{"href":"https:\/\/www.asso-unil.ch\/orphi\/wp-json\/wp\/v2\/posts"}],"about":[{"href":"https:\/\/www.asso-unil.ch\/orphi\/wp-json\/wp\/v2\/types\/post"}],"author":[{"embeddable":true,"href":"https:\/\/www.asso-unil.ch\/orphi\/wp-json\/wp\/v2\/users\/1001120"}],"replies":[{"embeddable":true,"href":"https:\/\/www.asso-unil.ch\/orphi\/wp-json\/wp\/v2\/comments?post=744"}],"version-history":[{"count":0,"href":"https:\/\/www.asso-unil.ch\/orphi\/wp-json\/wp\/v2\/posts\/744\/revisions"}],"wp:featuredmedia":[{"embeddable":true,"href":"https:\/\/www.asso-unil.ch\/orphi\/wp-json\/wp\/v2\/media\/752"}],"wp:attachment":[{"href":"https:\/\/www.asso-unil.ch\/orphi\/wp-json\/wp\/v2\/media?parent=744"}],"wp:term":[{"taxonomy":"category","embeddable":true,"href":"https:\/\/www.asso-unil.ch\/orphi\/wp-json\/wp\/v2\/categories?post=744"},{"taxonomy":"post_tag","embeddable":true,"href":"https:\/\/www.asso-unil.ch\/orphi\/wp-json\/wp\/v2\/tags?post=744"}],"curies":[{"name":"wp","href":"https:\/\/api.w.org\/{rel}","templated":true}]}}