{"id":733,"date":"2017-11-17T20:43:49","date_gmt":"2017-11-17T19:43:49","guid":{"rendered":"http:\/\/www.asso-unil.ch\/orphi\/?p=733"},"modified":"2017-11-17T20:52:06","modified_gmt":"2017-11-17T19:52:06","slug":"quels-concepts-pour-apprehender-les-traditions-asiatiques-reflexions-autour-du-bouddhisme-hindouisme-taoisme-et-confucianisme","status":"publish","type":"post","link":"https:\/\/www.asso-unil.ch\/orphi\/quels-concepts-pour-apprehender-les-traditions-asiatiques-reflexions-autour-du-bouddhisme-hindouisme-taoisme-et-confucianisme\/","title":{"rendered":"Quels concepts pour appr\u00e9hender les traditions asiatiques ? R\u00e9flexions autour du Bouddhisme, Hindouisme, Tao\u00efsme et Confucianisme."},"content":{"rendered":"<p>C&rsquo;est avec beaucoup de plaisir que l&rsquo;OrPhi vous convie \u00e0 un nouvel \u00e9v\u00e9nement le\u00a0<strong>Vendredi 1er d\u00e9cembre 2017 au Ch\u00e2teau de Dorigny (salle 106 CD1).<\/strong><\/p>\n<p><em>Les concepts de \u00ab philosophie \u00bb &amp; \u00ab religion \u00bb ont une gen\u00e8se particuli\u00e8re, conditionn\u00e9e par l\u2019histoire intellectuelle de l\u2019Occident. Leur application aux traditions asiatiques est probl\u00e9matique, quand elle n\u2019est pas simplement inop\u00e9rante.<\/em><\/p>\n<p><em>Au-del\u00e0 d\u2019une simple d\u00e9construction, une approche \u00e9mique de ces traditions permettra d\u2019ouvrir des pistes de r\u00e9flexion sur leur conceptualisation et sur la possibilit\u00e9 d\u2019une comparaison entre celles-ci.<\/em><\/p>\n<p>Toutes les informations relatives au colloque se retrouvent \u00e9galement sur nos affiches ainsi que sur notre page Facebook.<\/p>\n<p><a href=\"https:\/\/www.asso-unil.ch\/orphi\/files\/2017\/11\/Orient2.png\"><img alt=\"\" loading=\"lazy\" decoding=\"async\" class=\"alignnone size-full wp-image-735\" src=\"https:\/\/www.asso-unil.ch\/orphi\/files\/2017\/11\/Orient2.png\" alt=\"\" width=\"1748\" height=\"2480\" srcset=\"https:\/\/www.asso-unil.ch\/orphi\/files\/2017\/11\/Orient2.png 1748w, https:\/\/www.asso-unil.ch\/orphi\/files\/2017\/11\/Orient2-211x300.png 211w, https:\/\/www.asso-unil.ch\/orphi\/files\/2017\/11\/Orient2-722x1024.png 722w, https:\/\/www.asso-unil.ch\/orphi\/files\/2017\/11\/Orient2-768x1090.png 768w, https:\/\/www.asso-unil.ch\/orphi\/files\/2017\/11\/Orient2-1083x1536.png 1083w, https:\/\/www.asso-unil.ch\/orphi\/files\/2017\/11\/Orient2-1444x2048.png 1444w\" sizes=\"auto, (max-width: 1748px) 100vw, 1748px\" \/><\/a><\/p>\n","protected":false},"excerpt":{"rendered":"<p>C&rsquo;est avec beaucoup de plaisir que l&rsquo;OrPhi vous convie \u00e0 un nouvel \u00e9v\u00e9nement le\u00a0Vendredi 1er d\u00e9cembre 2017 au Ch\u00e2teau de Dorigny (salle 106 CD1). Les concepts de \u00ab philosophie \u00bb &amp; \u00ab religion \u00bb ont une gen\u00e8se particuli\u00e8re, conditionn\u00e9e par l\u2019histoire intellectuelle de l\u2019Occident. Leur application aux traditions asiatiques est probl\u00e9matique, quand elle n\u2019est pas [&hellip;]<\/p>\n","protected":false},"author":1001077,"featured_media":734,"comment_status":"closed","ping_status":"closed","sticky":false,"template":"","format":"standard","meta":{"_seopress_robots_primary_cat":"","_seopress_titles_title":"","_seopress_titles_desc":"","_seopress_robots_index":"","footnotes":""},"categories":[2],"tags":[],"class_list":{"0":"post-733","1":"post","2":"type-post","3":"status-publish","4":"format-standard","5":"has-post-thumbnail","7":"category-evenement"},"publishpress_future_action":{"enabled":false,"date":"2026-05-09 13:23:21","action":"change-status","newStatus":"draft","terms":[],"taxonomy":"category","extraData":[]},"publishpress_future_workflow_manual_trigger":{"enabledWorkflows":[]},"_links":{"self":[{"href":"https:\/\/www.asso-unil.ch\/orphi\/wp-json\/wp\/v2\/posts\/733","targetHints":{"allow":["GET"]}}],"collection":[{"href":"https:\/\/www.asso-unil.ch\/orphi\/wp-json\/wp\/v2\/posts"}],"about":[{"href":"https:\/\/www.asso-unil.ch\/orphi\/wp-json\/wp\/v2\/types\/post"}],"author":[{"embeddable":true,"href":"https:\/\/www.asso-unil.ch\/orphi\/wp-json\/wp\/v2\/users\/1001077"}],"replies":[{"embeddable":true,"href":"https:\/\/www.asso-unil.ch\/orphi\/wp-json\/wp\/v2\/comments?post=733"}],"version-history":[{"count":0,"href":"https:\/\/www.asso-unil.ch\/orphi\/wp-json\/wp\/v2\/posts\/733\/revisions"}],"wp:featuredmedia":[{"embeddable":true,"href":"https:\/\/www.asso-unil.ch\/orphi\/wp-json\/wp\/v2\/media\/734"}],"wp:attachment":[{"href":"https:\/\/www.asso-unil.ch\/orphi\/wp-json\/wp\/v2\/media?parent=733"}],"wp:term":[{"taxonomy":"category","embeddable":true,"href":"https:\/\/www.asso-unil.ch\/orphi\/wp-json\/wp\/v2\/categories?post=733"},{"taxonomy":"post_tag","embeddable":true,"href":"https:\/\/www.asso-unil.ch\/orphi\/wp-json\/wp\/v2\/tags?post=733"}],"curies":[{"name":"wp","href":"https:\/\/api.w.org\/{rel}","templated":true}]}}