{"id":517,"date":"2014-11-07T17:54:35","date_gmt":"2014-11-07T16:54:35","guid":{"rendered":"http:\/\/www.asso-unil.ch\/orphi\/?p=517"},"modified":"2015-11-25T00:13:34","modified_gmt":"2015-11-24T23:13:34","slug":"mardi-24-novembre-cyclorphique","status":"publish","type":"post","link":"https:\/\/www.asso-unil.ch\/orphi\/mardi-24-novembre-cyclorphique\/","title":{"rendered":"Mardi 24 novembre : Cyclorphique"},"content":{"rendered":"<p><img loading=\"lazy\" decoding=\"async\" class=\"alignnone wp-image-183 size-full\" src=\"https:\/\/www.asso-unil.ch\/orphi\/files\/2014\/12\/events_title_cyclorphique.png\" alt=\"events_title_cyclorphique\" width=\"500\" height=\"30\" srcset=\"https:\/\/www.asso-unil.ch\/orphi\/files\/2014\/12\/events_title_cyclorphique.png 500w, https:\/\/www.asso-unil.ch\/orphi\/files\/2014\/12\/events_title_cyclorphique-300x18.png 300w\" sizes=\"auto, (max-width: 500px) 100vw, 500px\" \/><\/p>\n<p><strong>Atelier de r\u00e9flexion sur le f\u00e9minisme et l&rsquo;anti-sexisme<\/strong><br \/>\n18h00, Anthropole 3185<\/p>\n<p>Au cours de cet atelier, nous r\u00e9fl\u00e9chirons ensemble, avec\u00a0les m\u00e9thodes d&rsquo;\u00e9ducation populaire sur ce qu&rsquo;est le f\u00e9minisme aujourd&rsquo;hui, en tant que courant th\u00e9orique mais aussi en tant que mouvement politique. Nous chercherons \u00e0 r\u00e9pondre \u00e0 un certain nombre de questions\u00a0qui apparaissent\u00a0avec l&rsquo;introduction\u00a0de la d\u00e9construction des cat\u00e9gories f\u00e9minin\/masculin dans\u00a0les\u00a0courants\u00a0f\u00e9ministes.<\/p>\n","protected":false},"excerpt":{"rendered":"<p>Atelier de r\u00e9flexion sur le f\u00e9minisme et l&rsquo;anti-sexisme 18h00, Anthropole 3185 Au cours de cet atelier, nous r\u00e9fl\u00e9chirons ensemble, avec\u00a0les m\u00e9thodes d&rsquo;\u00e9ducation populaire sur ce qu&rsquo;est le f\u00e9minisme aujourd&rsquo;hui, en tant que courant th\u00e9orique mais aussi en tant que mouvement politique. Nous chercherons \u00e0 r\u00e9pondre \u00e0 un certain nombre de questions\u00a0qui apparaissent\u00a0avec l&rsquo;introduction\u00a0de la d\u00e9construction [&hellip;]<\/p>\n","protected":false},"author":1001048,"featured_media":0,"comment_status":"closed","ping_status":"closed","sticky":false,"template":"","format":"standard","meta":{"_seopress_robots_primary_cat":"","_seopress_titles_title":"","_seopress_titles_desc":"","_seopress_robots_index":"","footnotes":""},"categories":[2],"tags":[],"class_list":{"0":"post-517","1":"post","2":"type-post","3":"status-publish","4":"format-standard","6":"category-evenement"},"publishpress_future_action":{"enabled":false,"date":"2026-05-06 13:34:31","action":"change-status","newStatus":"draft","terms":[],"taxonomy":"category","extraData":[]},"publishpress_future_workflow_manual_trigger":{"enabledWorkflows":[]},"_links":{"self":[{"href":"https:\/\/www.asso-unil.ch\/orphi\/wp-json\/wp\/v2\/posts\/517","targetHints":{"allow":["GET"]}}],"collection":[{"href":"https:\/\/www.asso-unil.ch\/orphi\/wp-json\/wp\/v2\/posts"}],"about":[{"href":"https:\/\/www.asso-unil.ch\/orphi\/wp-json\/wp\/v2\/types\/post"}],"author":[{"embeddable":true,"href":"https:\/\/www.asso-unil.ch\/orphi\/wp-json\/wp\/v2\/users\/1001048"}],"replies":[{"embeddable":true,"href":"https:\/\/www.asso-unil.ch\/orphi\/wp-json\/wp\/v2\/comments?post=517"}],"version-history":[{"count":0,"href":"https:\/\/www.asso-unil.ch\/orphi\/wp-json\/wp\/v2\/posts\/517\/revisions"}],"wp:attachment":[{"href":"https:\/\/www.asso-unil.ch\/orphi\/wp-json\/wp\/v2\/media?parent=517"}],"wp:term":[{"taxonomy":"category","embeddable":true,"href":"https:\/\/www.asso-unil.ch\/orphi\/wp-json\/wp\/v2\/categories?post=517"},{"taxonomy":"post_tag","embeddable":true,"href":"https:\/\/www.asso-unil.ch\/orphi\/wp-json\/wp\/v2\/tags?post=517"}],"curies":[{"name":"wp","href":"https:\/\/api.w.org\/{rel}","templated":true}]}}