{"id":497,"date":"2014-11-08T13:57:15","date_gmt":"2014-11-08T12:57:15","guid":{"rendered":"http:\/\/www.asso-unil.ch\/orphi\/?p=497"},"modified":"2015-11-19T00:31:39","modified_gmt":"2015-11-18T23:31:39","slug":"mercredi-18-novembre-cafe-philo","status":"publish","type":"post","link":"https:\/\/www.asso-unil.ch\/orphi\/mercredi-18-novembre-cafe-philo\/","title":{"rendered":"Mercredi 18 novembre 2015 : Caf\u00e9 Philo [ANNUL\u00c9]"},"content":{"rendered":"<p><img loading=\"lazy\" decoding=\"async\" class=\"alignnone size-full wp-image-178\" src=\"https:\/\/www.asso-unil.ch\/orphi\/files\/2014\/12\/events_title_cafe-philo.png\" alt=\"events_title_cafe-philo\" width=\"500\" height=\"30\" srcset=\"https:\/\/www.asso-unil.ch\/orphi\/files\/2014\/12\/events_title_cafe-philo.png 500w, https:\/\/www.asso-unil.ch\/orphi\/files\/2014\/12\/events_title_cafe-philo-300x18.png 300w\" sizes=\"auto, (max-width: 500px) 100vw, 500px\" \/><\/p>\n<p><del><strong>17h30 &#8211; 19h00, Anthropole 2102<\/strong><\/del><\/p>\n<p><span style=\"color: #ff0000\">L&rsquo;\u00e9v\u00e9nement est annul\u00e9, nous sommes d\u00e9sol\u00e9. On remet \u00e7a tout bient\u00f4t et on vous tiendra au courant!<\/span><\/p>\n<p>Une question, une interrogation, une inqui\u00e9tude vous taraude depuis des jours? Venez la proposer au Caf\u00e9-Philo et si vous \u00eates chanceux nous la d\u00e9battrons! Rev\u00eatez votre plus belle rh\u00e9torique, osez la fourberie des sophismes ou en indignez-vous. Le Caf\u00e9-Philo se veut ludique et ouvert \u00e0 tous.<\/p>\n","protected":false},"excerpt":{"rendered":"<p>17h30 &#8211; 19h00, Anthropole 2102 L&rsquo;\u00e9v\u00e9nement est annul\u00e9, nous sommes d\u00e9sol\u00e9. On remet \u00e7a tout bient\u00f4t et on vous tiendra au courant! Une question, une interrogation, une inqui\u00e9tude vous taraude depuis des jours? Venez la proposer au Caf\u00e9-Philo et si vous \u00eates chanceux nous la d\u00e9battrons! Rev\u00eatez votre plus belle rh\u00e9torique, osez la fourberie des [&hellip;]<\/p>\n","protected":false},"author":1001048,"featured_media":0,"comment_status":"closed","ping_status":"closed","sticky":false,"template":"","format":"standard","meta":{"_seopress_robots_primary_cat":"","_seopress_titles_title":"","_seopress_titles_desc":"","_seopress_robots_index":"","footnotes":""},"categories":[2],"tags":[],"class_list":{"0":"post-497","1":"post","2":"type-post","3":"status-publish","4":"format-standard","6":"category-evenement"},"publishpress_future_action":{"enabled":false,"date":"2026-05-06 12:01:09","action":"change-status","newStatus":"draft","terms":[],"taxonomy":"category","extraData":[]},"publishpress_future_workflow_manual_trigger":{"enabledWorkflows":[]},"_links":{"self":[{"href":"https:\/\/www.asso-unil.ch\/orphi\/wp-json\/wp\/v2\/posts\/497","targetHints":{"allow":["GET"]}}],"collection":[{"href":"https:\/\/www.asso-unil.ch\/orphi\/wp-json\/wp\/v2\/posts"}],"about":[{"href":"https:\/\/www.asso-unil.ch\/orphi\/wp-json\/wp\/v2\/types\/post"}],"author":[{"embeddable":true,"href":"https:\/\/www.asso-unil.ch\/orphi\/wp-json\/wp\/v2\/users\/1001048"}],"replies":[{"embeddable":true,"href":"https:\/\/www.asso-unil.ch\/orphi\/wp-json\/wp\/v2\/comments?post=497"}],"version-history":[{"count":0,"href":"https:\/\/www.asso-unil.ch\/orphi\/wp-json\/wp\/v2\/posts\/497\/revisions"}],"wp:attachment":[{"href":"https:\/\/www.asso-unil.ch\/orphi\/wp-json\/wp\/v2\/media?parent=497"}],"wp:term":[{"taxonomy":"category","embeddable":true,"href":"https:\/\/www.asso-unil.ch\/orphi\/wp-json\/wp\/v2\/categories?post=497"},{"taxonomy":"post_tag","embeddable":true,"href":"https:\/\/www.asso-unil.ch\/orphi\/wp-json\/wp\/v2\/tags?post=497"}],"curies":[{"name":"wp","href":"https:\/\/api.w.org\/{rel}","templated":true}]}}