{"id":481,"date":"2014-11-10T13:25:41","date_gmt":"2014-11-10T12:25:41","guid":{"rendered":"http:\/\/www.asso-unil.ch\/orphi\/?p=481"},"modified":"2015-10-28T00:08:50","modified_gmt":"2015-10-27T23:08:50","slug":"mardi-27-octobre-assemblee-generale","status":"publish","type":"post","link":"https:\/\/www.asso-unil.ch\/orphi\/mardi-27-octobre-assemblee-generale\/","title":{"rendered":"Mardi 27 octobre : Assembl\u00e9e G\u00e9n\u00e9rale"},"content":{"rendered":"<p><img loading=\"lazy\" decoding=\"async\" class=\"alignnone size-full wp-image-184\" src=\"https:\/\/www.asso-unil.ch\/orphi\/files\/2014\/12\/events_title_orphi.png\" alt=\"events_title_orphi\" width=\"500\" height=\"30\" srcset=\"https:\/\/www.asso-unil.ch\/orphi\/files\/2014\/12\/events_title_orphi.png 500w, https:\/\/www.asso-unil.ch\/orphi\/files\/2014\/12\/events_title_orphi-300x18.png 300w\" sizes=\"auto, (max-width: 500px) 100vw, 500px\" \/><\/p>\n<p><span class=\"_5yl5\">Notre Assembl\u00e9e G\u00e9n\u00e9rale aura lieu le <strong>mardi 27 octobre, \u00e0 19h, au coeur de section<\/strong> (Anthropole 5099). L\u2019occasion id\u00e9ale de venir manifester votre int\u00e9r\u00eat pour l\u2019OrPhi et surtout de boire un verre ! Si vous n\u2019avez pas le temps pour l\u2019AG mais que vous avez envie de vous engager au sein de l\u2019association, envoyez-nous un mail \u00e0 orphi@asso-unil.ch !<\/span><\/p>\n","protected":false},"excerpt":{"rendered":"<p>Notre Assembl\u00e9e G\u00e9n\u00e9rale aura lieu le mardi 27 octobre, \u00e0 19h, au coeur de section (Anthropole 5099). L\u2019occasion id\u00e9ale de venir manifester votre int\u00e9r\u00eat pour l\u2019OrPhi et surtout de boire un verre ! Si vous n\u2019avez pas le temps pour l\u2019AG mais que vous avez envie de vous engager au sein de l\u2019association, envoyez-nous un [&hellip;]<\/p>\n","protected":false},"author":1001048,"featured_media":0,"comment_status":"closed","ping_status":"closed","sticky":false,"template":"","format":"standard","meta":{"_seopress_robots_primary_cat":"","_seopress_titles_title":"","_seopress_titles_desc":"","_seopress_robots_index":"","footnotes":""},"categories":[2],"tags":[],"class_list":{"0":"post-481","1":"post","2":"type-post","3":"status-publish","4":"format-standard","6":"category-evenement"},"publishpress_future_action":{"enabled":false,"date":"2026-05-06 08:53:20","action":"change-status","newStatus":"draft","terms":[],"taxonomy":"category","extraData":[]},"publishpress_future_workflow_manual_trigger":{"enabledWorkflows":[]},"_links":{"self":[{"href":"https:\/\/www.asso-unil.ch\/orphi\/wp-json\/wp\/v2\/posts\/481","targetHints":{"allow":["GET"]}}],"collection":[{"href":"https:\/\/www.asso-unil.ch\/orphi\/wp-json\/wp\/v2\/posts"}],"about":[{"href":"https:\/\/www.asso-unil.ch\/orphi\/wp-json\/wp\/v2\/types\/post"}],"author":[{"embeddable":true,"href":"https:\/\/www.asso-unil.ch\/orphi\/wp-json\/wp\/v2\/users\/1001048"}],"replies":[{"embeddable":true,"href":"https:\/\/www.asso-unil.ch\/orphi\/wp-json\/wp\/v2\/comments?post=481"}],"version-history":[{"count":0,"href":"https:\/\/www.asso-unil.ch\/orphi\/wp-json\/wp\/v2\/posts\/481\/revisions"}],"wp:attachment":[{"href":"https:\/\/www.asso-unil.ch\/orphi\/wp-json\/wp\/v2\/media?parent=481"}],"wp:term":[{"taxonomy":"category","embeddable":true,"href":"https:\/\/www.asso-unil.ch\/orphi\/wp-json\/wp\/v2\/categories?post=481"},{"taxonomy":"post_tag","embeddable":true,"href":"https:\/\/www.asso-unil.ch\/orphi\/wp-json\/wp\/v2\/tags?post=481"}],"curies":[{"name":"wp","href":"https:\/\/api.w.org\/{rel}","templated":true}]}}