{"id":474,"date":"2014-11-11T17:31:41","date_gmt":"2014-11-11T16:31:41","guid":{"rendered":"http:\/\/www.asso-unil.ch\/orphi\/?p=474"},"modified":"2015-10-27T00:23:11","modified_gmt":"2015-10-26T23:23:11","slug":"lundi-26-octobre-les-etudiants-en-philo-lisent","status":"publish","type":"post","link":"https:\/\/www.asso-unil.ch\/orphi\/lundi-26-octobre-les-etudiants-en-philo-lisent\/","title":{"rendered":"Lundi 26 octobre : Les \u00e9tudiants en philo lisent"},"content":{"rendered":"<h3><img loading=\"lazy\" decoding=\"async\" class=\"alignnone size-full wp-image-184\" src=\"https:\/\/www.asso-unil.ch\/orphi\/files\/2014\/12\/events_title_orphi.png\" alt=\"events_title_orphi\" width=\"500\" height=\"30\" srcset=\"https:\/\/www.asso-unil.ch\/orphi\/files\/2014\/12\/events_title_orphi.png 500w, https:\/\/www.asso-unil.ch\/orphi\/files\/2014\/12\/events_title_orphi-300x18.png 300w\" sizes=\"auto, (max-width: 500px) 100vw, 500px\" \/><\/h3>\n<h3>21 &#8211; Narratologie<\/h3>\n<p class=\"p1\">Olivier Stucky<br \/>\n18h-20h, Anthropole 5099<\/p>\n<p class=\"p1\"><em><span class=\"s1\">\u00ab\u00a0C\u2019est une s\u00e9ance un tant soit peu \u00ab\u00a0exotique\u00a0\u00bb que je vous propose \u00e0 l\u2019occasion de mon passage aux Etudiants en Philo Lisent. Contrairement aux modalit\u00e9s convenues du s\u00e9minaire, je ne parlerai pas en tant qu\u2019\u00e9tudiant en philo pas plus que ne vous proposerai une quelconque lecture de texte. Mon objectif est tout autre car ce n\u2019est pas de philosophie que je vous parlerai mais de narratologie\u00a0: \u00ab\u00a0science du r\u00e9cit\u00a0\u00bb dont ni les pr\u00e9suppos\u00e9s ni les m\u00e9thodes ne semblent a priori partager quelque chose avec la discipline philosophique. En revanche, c\u2019est bien de philosophie que j\u2019esp\u00e8re entendre parler car l\u2019objectif de cette s\u00e9ance consistera dans l\u2019\u00e9tablissement des possibilit\u00e9s d\u2019un dialogue entre philosophe et narratologue.<\/span><\/em><\/p>\n<p class=\"p1\"><em><span class=\"s1\">Pour ce faire, outre mon exposition orale des principaux enjeux de la narratologie, je vous propose tout de m\u00eame d\u2019\u00e9pancher votre soif de lecture en prenant connaissance d\u2019un vade mecum pr\u00e9par\u00e9 par mes soins. Celui-ci entend proposer des pistes de r\u00e9flexion afin d\u2019initier l\u2019\u00e9change que nous devrions avoir \u00e0 l\u2019issue de ma pr\u00e9sentation, laquelle viendra \u00e9clairer les zones volontairement laiss\u00e9es obscures qui parcourent ces br\u00e8ves \u00ab\u00a0questions au philosophe\u00a0\u00bb. En parall\u00e8le, je vous propose une br\u00e8ve bibliographie s\u00e9lective de quelques textes pouvant \u00eatre feuillet\u00e9s au pr\u00e9alable et qui, sans se poser comme lectures n\u00e9cessaires, pourront donner une id\u00e9e de la production narratologique \u00e0 ceux pour qui elle demeure encore par trop \u00e9trang\u00e8re.\u00a0\u00bb<\/span><\/em><\/p>\n<p class=\"p1\">Olivier Stucky<\/p>\n<p>Les documents \u00e0 lire sont disponibles:<\/p>\n<ul>\n<li><a href=\"https:\/\/www.dropbox.com\/s\/5yx9r7zagol28xd\/questions_philosophe.pdf?dl=1\">Les questions au philosophe<\/a><\/li>\n<li><a href=\"https:\/\/www.dropbox.com\/s\/0zl331d3985490s\/choix_textes.pdf?dl=1\">Bibliographie<\/a><\/li>\n<\/ul>\n","protected":false},"excerpt":{"rendered":"<p>21 &#8211; Narratologie Olivier Stucky 18h-20h, Anthropole 5099 \u00ab\u00a0C\u2019est une s\u00e9ance un tant soit peu \u00ab\u00a0exotique\u00a0\u00bb que je vous propose \u00e0 l\u2019occasion de mon passage aux Etudiants en Philo Lisent. Contrairement aux modalit\u00e9s convenues du s\u00e9minaire, je ne parlerai pas en tant qu\u2019\u00e9tudiant en philo pas plus que ne vous proposerai une quelconque lecture de [&hellip;]<\/p>\n","protected":false},"author":1001048,"featured_media":0,"comment_status":"closed","ping_status":"closed","sticky":false,"template":"","format":"standard","meta":{"_seopress_robots_primary_cat":"","_seopress_titles_title":"","_seopress_titles_desc":"","_seopress_robots_index":"","footnotes":""},"categories":[2],"tags":[],"class_list":{"0":"post-474","1":"post","2":"type-post","3":"status-publish","4":"format-standard","6":"category-evenement"},"publishpress_future_action":{"enabled":false,"date":"2026-05-06 07:35:13","action":"change-status","newStatus":"draft","terms":[],"taxonomy":"category","extraData":[]},"publishpress_future_workflow_manual_trigger":{"enabledWorkflows":[]},"_links":{"self":[{"href":"https:\/\/www.asso-unil.ch\/orphi\/wp-json\/wp\/v2\/posts\/474","targetHints":{"allow":["GET"]}}],"collection":[{"href":"https:\/\/www.asso-unil.ch\/orphi\/wp-json\/wp\/v2\/posts"}],"about":[{"href":"https:\/\/www.asso-unil.ch\/orphi\/wp-json\/wp\/v2\/types\/post"}],"author":[{"embeddable":true,"href":"https:\/\/www.asso-unil.ch\/orphi\/wp-json\/wp\/v2\/users\/1001048"}],"replies":[{"embeddable":true,"href":"https:\/\/www.asso-unil.ch\/orphi\/wp-json\/wp\/v2\/comments?post=474"}],"version-history":[{"count":0,"href":"https:\/\/www.asso-unil.ch\/orphi\/wp-json\/wp\/v2\/posts\/474\/revisions"}],"wp:attachment":[{"href":"https:\/\/www.asso-unil.ch\/orphi\/wp-json\/wp\/v2\/media?parent=474"}],"wp:term":[{"taxonomy":"category","embeddable":true,"href":"https:\/\/www.asso-unil.ch\/orphi\/wp-json\/wp\/v2\/categories?post=474"},{"taxonomy":"post_tag","embeddable":true,"href":"https:\/\/www.asso-unil.ch\/orphi\/wp-json\/wp\/v2\/tags?post=474"}],"curies":[{"name":"wp","href":"https:\/\/api.w.org\/{rel}","templated":true}]}}