{"id":467,"date":"2014-11-12T10:38:45","date_gmt":"2014-11-12T09:38:45","guid":{"rendered":"http:\/\/www.asso-unil.ch\/orphi\/?p=467"},"modified":"2015-10-22T00:13:26","modified_gmt":"2015-10-21T22:13:26","slug":"mecredi-21-octobre-cafe-philo","status":"publish","type":"post","link":"https:\/\/www.asso-unil.ch\/orphi\/mecredi-21-octobre-cafe-philo\/","title":{"rendered":"Mecredi 21 octobre : Caf\u00e9 Philo"},"content":{"rendered":"<p><a href=\"https:\/\/www.asso-unil.ch\/orphi\/files\/2014\/12\/events_title_cafe-philo.png\"><img loading=\"lazy\" decoding=\"async\" class=\"alignnone wp-image-178 size-full\" src=\"https:\/\/www.asso-unil.ch\/orphi\/files\/2014\/12\/events_title_cafe-philo.png\" alt=\"events_title_cafe-philo\" width=\"500\" height=\"30\" srcset=\"https:\/\/www.asso-unil.ch\/orphi\/files\/2014\/12\/events_title_cafe-philo.png 500w, https:\/\/www.asso-unil.ch\/orphi\/files\/2014\/12\/events_title_cafe-philo-300x18.png 300w\" sizes=\"auto, (max-width: 500px) 100vw, 500px\" \/><\/a><\/p>\n<p>Une question port\u00e9e au d\u00e9bat et \u00e0 la discussion<br \/>\n17h30 &#8211; 19h, Anthropole 4173<\/p>\n<p><!--more--><\/p>\n<p>Une question, une interrogation, une inqui\u00e9tude vous taraude depuis des jours? Venez la proposer au Caf\u00e9-Philo et si vous \u00eates chanceux nous la d\u00e9battrons! Rev\u00eatez votre plus belle rh\u00e9torique, osez la fourberie des sophismes ou en indignez-vous. Le Caf\u00e9-Philo se veut ludique et ouvert \u00e0 tous.<\/p>\n","protected":false},"excerpt":{"rendered":"<p>Une question port\u00e9e au d\u00e9bat et \u00e0 la discussion 17h30 &#8211; 19h, Anthropole 4173<\/p>\n","protected":false},"author":1001048,"featured_media":0,"comment_status":"closed","ping_status":"closed","sticky":false,"template":"","format":"standard","meta":{"_seopress_robots_primary_cat":"","_seopress_titles_title":"","_seopress_titles_desc":"","_seopress_robots_index":"","footnotes":""},"categories":[2],"tags":[],"class_list":{"0":"post-467","1":"post","2":"type-post","3":"status-publish","4":"format-standard","6":"category-evenement"},"publishpress_future_action":{"enabled":false,"date":"2026-05-06 06:01:56","action":"change-status","newStatus":"draft","terms":[],"taxonomy":"category","extraData":[]},"publishpress_future_workflow_manual_trigger":{"enabledWorkflows":[]},"_links":{"self":[{"href":"https:\/\/www.asso-unil.ch\/orphi\/wp-json\/wp\/v2\/posts\/467","targetHints":{"allow":["GET"]}}],"collection":[{"href":"https:\/\/www.asso-unil.ch\/orphi\/wp-json\/wp\/v2\/posts"}],"about":[{"href":"https:\/\/www.asso-unil.ch\/orphi\/wp-json\/wp\/v2\/types\/post"}],"author":[{"embeddable":true,"href":"https:\/\/www.asso-unil.ch\/orphi\/wp-json\/wp\/v2\/users\/1001048"}],"replies":[{"embeddable":true,"href":"https:\/\/www.asso-unil.ch\/orphi\/wp-json\/wp\/v2\/comments?post=467"}],"version-history":[{"count":0,"href":"https:\/\/www.asso-unil.ch\/orphi\/wp-json\/wp\/v2\/posts\/467\/revisions"}],"wp:attachment":[{"href":"https:\/\/www.asso-unil.ch\/orphi\/wp-json\/wp\/v2\/media?parent=467"}],"wp:term":[{"taxonomy":"category","embeddable":true,"href":"https:\/\/www.asso-unil.ch\/orphi\/wp-json\/wp\/v2\/categories?post=467"},{"taxonomy":"post_tag","embeddable":true,"href":"https:\/\/www.asso-unil.ch\/orphi\/wp-json\/wp\/v2\/tags?post=467"}],"curies":[{"name":"wp","href":"https:\/\/api.w.org\/{rel}","templated":true}]}}