{"id":424,"date":"2015-09-10T21:39:21","date_gmt":"2015-09-10T19:39:21","guid":{"rendered":"http:\/\/www.asso-unil.ch\/orphi\/?p=424"},"modified":"2016-10-25T09:36:31","modified_gmt":"2016-10-25T07:36:31","slug":"la-rentree","status":"publish","type":"post","link":"https:\/\/www.asso-unil.ch\/orphi\/la-rentree\/","title":{"rendered":"La rentr\u00e9e"},"content":{"rendered":"<p>Chers \u00e9tudiants de philosophie, la rentr\u00e9e universitaire arrive \u00e0 grands pas et avec elle le premier ap\u00e9ro de l&rsquo;Orphi! Il aura lieu<strong> le 28 Septembre 2016 d\u00e8s 17 heures au Coeur de section<\/strong> (Ant 5099).<br \/>\nEn attendant, profitez bien de votre dernier week-end de vacances et bonne rentr\u00e9e \u00e0 tout le monde !<\/p>\n","protected":false},"excerpt":{"rendered":"<p>Chers \u00e9tudiants de philosophie, la rentr\u00e9e universitaire arrive \u00e0 grands pas et avec elle le premier ap\u00e9ro de l&rsquo;Orphi! Il aura lieu le 28 Septembre 2016 d\u00e8s 17 heures au Coeur de section (Ant 5099). En attendant, profitez bien de votre dernier week-end de vacances et bonne rentr\u00e9e \u00e0 tout le monde !<\/p>\n","protected":false},"author":1001017,"featured_media":0,"comment_status":"closed","ping_status":"closed","sticky":false,"template":"","format":"standard","meta":{"_seopress_robots_primary_cat":"","_seopress_titles_title":"","_seopress_titles_desc":"","_seopress_robots_index":"","footnotes":""},"categories":[2],"tags":[],"class_list":{"0":"post-424","1":"post","2":"type-post","3":"status-publish","4":"format-standard","6":"category-evenement"},"publishpress_future_action":{"enabled":false,"date":"2026-05-06 07:09:21","action":"change-status","newStatus":"draft","terms":[],"taxonomy":"category","extraData":[]},"publishpress_future_workflow_manual_trigger":{"enabledWorkflows":[]},"_links":{"self":[{"href":"https:\/\/www.asso-unil.ch\/orphi\/wp-json\/wp\/v2\/posts\/424","targetHints":{"allow":["GET"]}}],"collection":[{"href":"https:\/\/www.asso-unil.ch\/orphi\/wp-json\/wp\/v2\/posts"}],"about":[{"href":"https:\/\/www.asso-unil.ch\/orphi\/wp-json\/wp\/v2\/types\/post"}],"author":[{"embeddable":true,"href":"https:\/\/www.asso-unil.ch\/orphi\/wp-json\/wp\/v2\/users\/1001017"}],"replies":[{"embeddable":true,"href":"https:\/\/www.asso-unil.ch\/orphi\/wp-json\/wp\/v2\/comments?post=424"}],"version-history":[{"count":0,"href":"https:\/\/www.asso-unil.ch\/orphi\/wp-json\/wp\/v2\/posts\/424\/revisions"}],"wp:attachment":[{"href":"https:\/\/www.asso-unil.ch\/orphi\/wp-json\/wp\/v2\/media?parent=424"}],"wp:term":[{"taxonomy":"category","embeddable":true,"href":"https:\/\/www.asso-unil.ch\/orphi\/wp-json\/wp\/v2\/categories?post=424"},{"taxonomy":"post_tag","embeddable":true,"href":"https:\/\/www.asso-unil.ch\/orphi\/wp-json\/wp\/v2\/tags?post=424"}],"curies":[{"name":"wp","href":"https:\/\/api.w.org\/{rel}","templated":true}]}}