{"id":384,"date":"2014-12-25T11:34:05","date_gmt":"2014-12-25T10:34:05","guid":{"rendered":"http:\/\/www.asso-unil.ch\/orphi\/?p=384"},"modified":"2015-05-22T00:55:06","modified_gmt":"2015-05-21T22:55:06","slug":"jeudi-21-mai-les-etudiants-en-philo-lisent","status":"publish","type":"post","link":"https:\/\/www.asso-unil.ch\/orphi\/jeudi-21-mai-les-etudiants-en-philo-lisent\/","title":{"rendered":"Jeudi 21 mai : Les Etudiants en Philo Lisent"},"content":{"rendered":"<p><img loading=\"lazy\" decoding=\"async\" class=\"alignnone size-full wp-image-322\" src=\"https:\/\/www.asso-unil.ch\/orphi\/files\/2015\/03\/events_title_cyclorphique.png\" alt=\"events_title_EPL\" width=\"500\" height=\"30\" srcset=\"https:\/\/www.asso-unil.ch\/orphi\/files\/2015\/03\/events_title_cyclorphique.png 500w, https:\/\/www.asso-unil.ch\/orphi\/files\/2015\/03\/events_title_cyclorphique-300x18.png 300w\" sizes=\"auto, (max-width: 500px) 100vw, 500px\" \/><\/p>\n<h3>18 \u2013 Proust : <em>A la Recherche du Temps Perdu<\/em><\/h3>\n<p>Justine Favre<br \/>\nJeudi 21 mai\u00a02015, Anthropole 5099, 18h-20h<\/p>\n<p>Retrouvez le texte ainsi que les informations li\u00e9es aux s\u00e9ances du groupe <em>Les \u00e9tudiants en philo lisent<\/em> <a title=\"ici\" href=\"https:\/\/www.asso-unil.ch\/orphi\/ressources\/les-etudiants-en-philo-lisent\/\" target=\"_blank\">ici<\/a>.<\/p>\n","protected":false},"excerpt":{"rendered":"<p>18 \u2013 Proust : A la Recherche du Temps Perdu Justine Favre Jeudi 21 mai\u00a02015, Anthropole 5099, 18h-20h Retrouvez le texte ainsi que les informations li\u00e9es aux s\u00e9ances du groupe Les \u00e9tudiants en philo lisent ici.<\/p>\n","protected":false},"author":1001019,"featured_media":0,"comment_status":"closed","ping_status":"closed","sticky":false,"template":"","format":"standard","meta":{"_seopress_robots_primary_cat":"","_seopress_titles_title":"","_seopress_titles_desc":"","_seopress_robots_index":"","footnotes":""},"categories":[2],"tags":[],"class_list":{"0":"post-384","1":"post","2":"type-post","3":"status-publish","4":"format-standard","6":"category-evenement"},"publishpress_future_action":{"enabled":false,"date":"2026-05-07 01:59:24","action":"change-status","newStatus":"draft","terms":[],"taxonomy":"category","extraData":[]},"publishpress_future_workflow_manual_trigger":{"enabledWorkflows":[]},"_links":{"self":[{"href":"https:\/\/www.asso-unil.ch\/orphi\/wp-json\/wp\/v2\/posts\/384","targetHints":{"allow":["GET"]}}],"collection":[{"href":"https:\/\/www.asso-unil.ch\/orphi\/wp-json\/wp\/v2\/posts"}],"about":[{"href":"https:\/\/www.asso-unil.ch\/orphi\/wp-json\/wp\/v2\/types\/post"}],"author":[{"embeddable":true,"href":"https:\/\/www.asso-unil.ch\/orphi\/wp-json\/wp\/v2\/users\/1001019"}],"replies":[{"embeddable":true,"href":"https:\/\/www.asso-unil.ch\/orphi\/wp-json\/wp\/v2\/comments?post=384"}],"version-history":[{"count":0,"href":"https:\/\/www.asso-unil.ch\/orphi\/wp-json\/wp\/v2\/posts\/384\/revisions"}],"wp:attachment":[{"href":"https:\/\/www.asso-unil.ch\/orphi\/wp-json\/wp\/v2\/media?parent=384"}],"wp:term":[{"taxonomy":"category","embeddable":true,"href":"https:\/\/www.asso-unil.ch\/orphi\/wp-json\/wp\/v2\/categories?post=384"},{"taxonomy":"post_tag","embeddable":true,"href":"https:\/\/www.asso-unil.ch\/orphi\/wp-json\/wp\/v2\/tags?post=384"}],"curies":[{"name":"wp","href":"https:\/\/api.w.org\/{rel}","templated":true}]}}