{"id":235,"date":"2014-12-25T12:00:42","date_gmt":"2014-12-25T11:00:42","guid":{"rendered":"http:\/\/www.asso-unil.ch\/orphi\/?p=235"},"modified":"2015-05-21T01:15:12","modified_gmt":"2015-05-20T23:15:12","slug":"mercredi-20-mai-2015","status":"publish","type":"post","link":"https:\/\/www.asso-unil.ch\/orphi\/mercredi-20-mai-2015\/","title":{"rendered":"ANNULE: Mercredi 20 mai : Cyclorphique"},"content":{"rendered":"<p><img loading=\"lazy\" decoding=\"async\" class=\"alignnone size-full wp-image-183\" src=\"https:\/\/www.asso-unil.ch\/orphi\/files\/2014\/12\/events_title_cyclorphique.png\" alt=\"events_title_cyclorphique\" width=\"500\" height=\"30\" srcset=\"https:\/\/www.asso-unil.ch\/orphi\/files\/2014\/12\/events_title_cyclorphique.png 500w, https:\/\/www.asso-unil.ch\/orphi\/files\/2014\/12\/events_title_cyclorphique-300x18.png 300w\" sizes=\"auto, (max-width: 500px) 100vw, 500px\" \/><\/p>\n<h3>\u00ab\u00a0Les enjeux philosophiques de la controverse byzantine sur les images\u00a0\u00bb<\/h3>\n<p><em>ANNULE: En raison d&rsquo;une fin de semestre charg\u00e9e, M. Erismann pr\u00e9f\u00e8re reporter sa conf\u00e9rence au semestre prochain. Rendez-vous donc en septembre!\u00a0<\/em><br \/>\n<!--more--><br \/>\n6e s\u00e9ance de Cyclorphique du semestre &#8211;\u00a0Invit\u00e9 : Christophe Erismann (Professeur assistant FNS en philosophie antique et m\u00e9di\u00e9vale, UNIL)<\/p>\n<p>19h-21h, Anthropole 4173<\/p>\n","protected":false},"excerpt":{"rendered":"<p>\u00ab\u00a0Les enjeux philosophiques de la controverse byzantine sur les images\u00a0\u00bb ANNULE: En raison d&rsquo;une fin de semestre charg\u00e9e, M. Erismann pr\u00e9f\u00e8re reporter sa conf\u00e9rence au semestre prochain. Rendez-vous donc en septembre!\u00a0<\/p>\n","protected":false},"author":1001019,"featured_media":0,"comment_status":"closed","ping_status":"closed","sticky":false,"template":"","format":"standard","meta":{"_seopress_robots_primary_cat":"","_seopress_titles_title":"","_seopress_titles_desc":"","_seopress_robots_index":"","footnotes":""},"categories":[2],"tags":[],"class_list":{"0":"post-235","1":"post","2":"type-post","3":"status-publish","4":"format-standard","6":"category-evenement"},"publishpress_future_action":{"enabled":false,"date":"2026-05-07 03:24:43","action":"change-status","newStatus":"draft","terms":[],"taxonomy":"category","extraData":[]},"publishpress_future_workflow_manual_trigger":{"enabledWorkflows":[]},"_links":{"self":[{"href":"https:\/\/www.asso-unil.ch\/orphi\/wp-json\/wp\/v2\/posts\/235","targetHints":{"allow":["GET"]}}],"collection":[{"href":"https:\/\/www.asso-unil.ch\/orphi\/wp-json\/wp\/v2\/posts"}],"about":[{"href":"https:\/\/www.asso-unil.ch\/orphi\/wp-json\/wp\/v2\/types\/post"}],"author":[{"embeddable":true,"href":"https:\/\/www.asso-unil.ch\/orphi\/wp-json\/wp\/v2\/users\/1001019"}],"replies":[{"embeddable":true,"href":"https:\/\/www.asso-unil.ch\/orphi\/wp-json\/wp\/v2\/comments?post=235"}],"version-history":[{"count":0,"href":"https:\/\/www.asso-unil.ch\/orphi\/wp-json\/wp\/v2\/posts\/235\/revisions"}],"wp:attachment":[{"href":"https:\/\/www.asso-unil.ch\/orphi\/wp-json\/wp\/v2\/media?parent=235"}],"wp:term":[{"taxonomy":"category","embeddable":true,"href":"https:\/\/www.asso-unil.ch\/orphi\/wp-json\/wp\/v2\/categories?post=235"},{"taxonomy":"post_tag","embeddable":true,"href":"https:\/\/www.asso-unil.ch\/orphi\/wp-json\/wp\/v2\/tags?post=235"}],"curies":[{"name":"wp","href":"https:\/\/api.w.org\/{rel}","templated":true}]}}