{"id":230,"date":"2014-12-26T11:30:37","date_gmt":"2014-12-26T10:30:37","guid":{"rendered":"http:\/\/www.asso-unil.ch\/orphi\/?p=230"},"modified":"2015-04-16T00:23:38","modified_gmt":"2015-04-15T22:23:38","slug":"mercredi-15-avril-cyclorphique","status":"publish","type":"post","link":"https:\/\/www.asso-unil.ch\/orphi\/mercredi-15-avril-cyclorphique\/","title":{"rendered":"Mercredi 15 avril : Cyclorphique"},"content":{"rendered":"<p><img loading=\"lazy\" decoding=\"async\" class=\"alignnone size-full wp-image-183\" src=\"https:\/\/www.asso-unil.ch\/orphi\/files\/2014\/12\/events_title_cyclorphique.png\" alt=\"events_title_cyclorphique\" width=\"500\" height=\"30\" srcset=\"https:\/\/www.asso-unil.ch\/orphi\/files\/2014\/12\/events_title_cyclorphique.png 500w, https:\/\/www.asso-unil.ch\/orphi\/files\/2014\/12\/events_title_cyclorphique-300x18.png 300w\" sizes=\"auto, (max-width: 500px) 100vw, 500px\" \/><\/p>\n<h3><span style=\"line-height: 1.714285714;font-size: 1rem\">\u00ab\u00a0LA PHILO&#8230; ET APRES?\u00a0\u00ab\u00a0<\/span><\/h3>\n<p><span style=\"line-height: 1.714285714;font-size: 1rem\">4e s\u00e9ance de Cyclorphique du semestre<br \/>\n<\/span>Avec <strong>Dr. Michel Vanni<\/strong>, <strong>M. \u00a0Jean-Eudes Arnoux<\/strong>, <strong>Dr. Michel Herren<\/strong>, <strong>M. David Jemielity<\/strong><br \/>\n17h30-21h30, Anthropole 4173<\/p>\n<p><!--more--><\/p>\n<p style=\"text-align: justify\">Que fait-on apr\u00e8s des \u00e9tudes de philosophie? Comment valorise-t-on son bagage philosophique? L&#8217;emploie-t-on plus dans la sph\u00e8re priv\u00e9e ou la sph\u00e8re professionnelle? Pourquoi? En quoi? Comment?<\/p>\n<p style=\"text-align: justify\">Quatre professionnels de la philosophie viennent nous parler de leur exp\u00e9rience personnelle.\u00a0A tour de r\u00f4le, avec pour mission de r\u00e9pondre aux trois questions suivantes :<\/p>\n<p><strong>1<\/strong><em><strong>. Quelle place prend le bagage philosophique acquis \u00e0 l&rsquo;universit\u00e9\u00a0une fois les\u00a0\u00e9tudes termin\u00e9es?<br \/>\n<\/strong><\/em>2.<em> La philosophie occupe-t-elle une place pr\u00e9pond\u00e9rante plut\u00f4t dans la vie priv\u00e9e ou professionnelle, ou n&rsquo;y a-t-il pas de distinction entre les deux domaines?<\/em><br \/>\n3<em>. Pensez-vous que le bagage philosophique acquis \u00e0 l&rsquo;Universit\u00e9 nous pr\u00e9pare bien \u00e0 la vie apr\u00e8s les \u00e9tudes?<\/em><\/p>\n<p style=\"text-align: justify\">Le programme de la soir\u00e9e est le suivant :<\/p>\n<ul>\n<li>\u00a017h30-18h30 : <strong>Dr. Michel Vanni<\/strong>, enseignant de philosophie dans un gymnase lausannois.<\/li>\n<\/ul>\n<p style=\"text-align: justify\">\u00ab\u00a0Je pr\u00e9senterai d&rsquo;abord la sp\u00e9cificit\u00e9 de mon parcours, dans ses trois grandes orientations: la recherche acad\u00e9mique, l&rsquo;enseignement au gymnase, et les groupes de philosophie. J&rsquo;\u00e9voquerai ici la continuit\u00e9 sans rupture d&rsquo;un engagement mulitforme. Pour moi les \u201c\u00e9tudes\u201d ne s&rsquo;arr\u00eatent jamais, le priv\u00e9 (l&rsquo;amiti\u00e9 philosophique notamment) n&rsquo;est jamais s\u00e9par\u00e9 du domaine professionnel, et la philosophie n&rsquo;est jamais un simple \u201cbagage\u201d mais une exp\u00e9rience constamment \u00e0 rejouer. J&rsquo;\u00e9voquerai aussi en quoi une certaine ph\u00e9nom\u00e9nologie a pu m&rsquo;aider dans mon enseignement, et favoriser mon engagement dans des associations telles que le Groupe Vaudois de Philosophie.\u00a0\u00bb<\/p>\n<ul style=\"text-align: justify\">\n<li>18h30-19h30 : <strong>M. Jean-Eudes Arnoux<\/strong>, <a title=\"consultant en philosophie\" href=\"https:\/\/www.philoconsultant.ch\/\" target=\"_blank\">consultant en philosophie<\/a> \u00e0 Pully<\/li>\n<\/ul>\n<p style=\"text-align: justify\">\u00ab\u00a0De formation philosophique, je suis convaincu que la philosophie est capable d&rsquo;\u00e9clairer nos vies. Ce qui fait d&rsquo;elle toujours plus qu&rsquo;un simple m\u00e9tier, sans pour autant tomber dans les promesses illusoires du bonheur en 30 le\u00e7ons.\u00a0La philosophie reste une activit\u00e9 sociale atypique. Elle demeure y compris de nos jours un beau risque.\u00a0\u00bb<\/p>\n<ul style=\"text-align: justify\">\n<li>19h30-20h30 : <strong>Dr. Michel Herren<\/strong>, docteur en philosophie et co-animateur du site <a title=\"phusis.ch\" href=\"https:\/\/phusis.ch\/\" target=\"_blank\">phusis.ch<\/a><\/li>\n<\/ul>\n<p style=\"text-align: justify\">\u00ab\u00a0Apr\u00e8s la philo\u00a0? La philo, bien s\u00fbr\u00a0! Moins comme m\u00e9tier que comme art de vivre\u00a0: art de penser et partager sa vie, art de vivre et partager sa pens\u00e9e. Art de surmonter les carcans pour mieux accompagner le jeu de la vie. Art de d\u00e9couvrir de nouvelles couleurs, de nouvelles tonalit\u00e9s, de nouvelles nuances, de nouvelles possibilit\u00e9s, de nouvelles coh\u00e9rences au sein de l\u2019existence. Comme un viatique, au quotidien.\u00a0\u00bb<\/p>\n<ul>\n<li style=\"text-align: justify\">20h30-21h30 : <strong>M. David Jemielity<\/strong>, charg\u00e9 de la communication anglophone \u00e0 la BCV (Banque Cantonale Vaudoise)\u00a0et enseignant \u00e0 l\u2019Universit\u00e9 de Gen\u00e8ve,\u00a0formation en litt\u00e9rature anglaise et en philosophie<\/li>\n<\/ul>\n<p style=\"text-align: justify\">\u00ab\u00a0Natif d\u2019Indiana (USA), Dave Jemielity a fait des \u00e9tudes de philosophie et litt\u00e9rature anglaise du XVIII\u00e8me si\u00e8cle \u00e0 Amherst (BA) et Oxford (MPhil) avant de venir en Suisse comme assistant en anglais \u00e0 l\u2019Unil, puis aux universit\u00e9s de Gen\u00e8ve et de Neuch\u00e2tel. Il a \u00e9t\u00e9 nomm\u00e9 en 2007 charg\u00e9 d\u2019enseignement \u00e0 la Facult\u00e9 de Traduction et Interpr\u00e9tation de l\u2019Universit\u00e9 de Gen\u00e8ve, o\u00f9 il enseigne aux \u00e9tudiants en Masters de Traduction fran\u00e7ais&gt;anglais et dirige des projets de recherche en traduction financi\u00e8re. Toutefois, son \u00ab\u00a0main job\u00a0\u00bb n\u2019a rien d\u2019acad\u00e9mique\u00a0: Dave travaille dans une banque. A la BCV, qu\u2019il a rejoint en 2002, il dirige l\u2019\u00e9quipe de traducteurs (anglais, allemand, fran\u00e7ais).<\/p>\n<p style=\"text-align: justify\">Il conjuge ses deux postes \u00e0 raison de 70% pour la banque et 30% pour l\u2019universit\u00e9, et aime beaucoup ce m\u00e9lange entre \u00ab\u00a0science\u00a0\u00bb et \u00ab\u00a0cit\u00e9\u00a0\u00bb\u00a0: sa position \u00e0 la banque lui permet d\u2019offrir des projets de th\u00e8se \u00ab\u00a0real world\u00a0\u00bb \u00e0 ses post-grades, et le talent et energie de ces m\u00eames post-grades permet \u00e0 la BCV de resoudre de probl\u00e8mes \u00e9pineux de traduction financi\u00e8re fran\u00e7ais-anglais et de se positionner comme l\u2019une des \u00e9quipes de traduction financi\u00e8re de pointe en Suisse en m\u00eame en Europe. Dave a pr\u00e9sent\u00e9 les recherches men\u00e9es par son \u00e9quipe et ses \u00e9tudiants, et le \u00ab\u00a0syst\u00e8me\u00a0BCV\u00a0\u00bb de traduction, \u00e0 de multiples conf\u00e9rences en Suisse, en Europe et en Am\u00e9rique du Nord ces derni\u00e8res ann\u00e9es, notamment en tant que \u00ab\u00a0Distinguished Speaker\u00a0\u00bb \u00e0 la Conf\u00e9rence annuelle du American Translators Association, \u00e0 Denver, en 2010.<\/p>\n<p style=\"text-align: justify\">Chose plut\u00f4t inhabituelle pour un traducteur, Dave est \u00e9galement le Responsable de la nouvelle campagne de communication de la BCV, campagne qui sortira le 23 avril. Son r\u00f4le dans ce projet va de \u00ab\u00a0project lead\u00a0\u00bb (gestion des processus de cr\u00e9ation et production) \u00e0 la direction \u00e9ditoriale et cr\u00e9ative (comment cr\u00e9er une campagne qui parle aux gens) ou encore \u00e0 la \u00ab\u00a0vente\u00a0\u00bb du concept de la campagne au sein de la banque (comment convaincre les dirigeants de la BCV que la banque doit avoir une nouvelle voix\u00a0: plus directe, plus famili\u00e8re, moins \u00ab\u00a0bancaire\u00a0\u00bb.) Tout ceci est bien loin de la simple traduction des textes. Dave expliquera dans sa pr\u00e9sentation aux \u00e9tudiants en philosophie de l\u2019Unil qu\u2019en fait, c\u2019est en partie gr\u00e2ce \u00e0 sa tournure d\u2019esprit \u00ab\u00a0philosophique\u00a0\u00bb qu\u2019il a pu se voir confier des responsabilit\u00e9s inhabituellement larges \u2014et par ailleurs tr\u00e8s int\u00e9ressantes\u2014 dans sa profession. En outre, Dave est convaincu que l\u2019esprit \u00ab\u00a0philosophique\u00a0\u00bb et les qualit\u00e9s qui vont avec \u2014 capacit\u00e9 d\u2019analyse, esprit de synth\u00e8se, volont\u00e9 de comprendre le \u00ab\u00a0Big Picture\u00a0\u00bb\u2014 sont des traits qui favorisent la carri\u00e8re et qui diff\u00e9rencient les gens form\u00e9s en philosophie par rapport \u00e0 bon nombre d\u2019autres dipl\u00f4m\u00e9s en sciences humaines sur la place de travail, o\u00f9 les bo\u00eetes sont constamment \u00e0 la recherche des gens \u00ab\u00a0smart\u00a0\u00bb (un mot \u00ab\u00a0fran\u00e7ais\u00a0\u00bb tr\u00e8s \u00e0 la mode dans le monde des affaires, qui n\u2019est autre qu\u2019une synonyme des qualit\u00e9s mentionn\u00e9es ci-dessus). Il racontera aussi comment, lorsqu\u2019il \u00e9tait assistant \u00e0 Dorigny, il aurait \u00e9clat\u00e9 de rire \u00e0 l\u2019id\u00e9e qu\u2019il irait travailler un jour dans une banque, et comment maintenant, 15 ans apr\u00e8s, il s\u2019y amuse comme un fou. Finalement, il dira quelques mots sur le c\u00f4t\u00e9 \u00ab\u00a0philosophique\u00a0\u00bb de sa d\u00e9cision de se faire naturaliser suisse en 2009.\u00a0\u00bb<\/p>\n","protected":false},"excerpt":{"rendered":"<p>\u00ab\u00a0LA PHILO&#8230; ET APRES?\u00a0\u00ab\u00a0 4e s\u00e9ance de Cyclorphique du semestre Avec Dr. Michel Vanni, M. \u00a0Jean-Eudes Arnoux, Dr. Michel Herren, M. David Jemielity 17h30-21h30, Anthropole 4173<\/p>\n","protected":false},"author":1001019,"featured_media":0,"comment_status":"closed","ping_status":"closed","sticky":false,"template":"","format":"standard","meta":{"_seopress_robots_primary_cat":"","_seopress_titles_title":"","_seopress_titles_desc":"","_seopress_robots_index":"","footnotes":""},"categories":[2],"tags":[],"class_list":{"0":"post-230","1":"post","2":"type-post","3":"status-publish","4":"format-standard","6":"category-evenement"},"publishpress_future_action":{"enabled":false,"date":"2026-05-08 07:01:42","action":"change-status","newStatus":"draft","terms":[],"taxonomy":"category","extraData":[]},"publishpress_future_workflow_manual_trigger":{"enabledWorkflows":[]},"_links":{"self":[{"href":"https:\/\/www.asso-unil.ch\/orphi\/wp-json\/wp\/v2\/posts\/230","targetHints":{"allow":["GET"]}}],"collection":[{"href":"https:\/\/www.asso-unil.ch\/orphi\/wp-json\/wp\/v2\/posts"}],"about":[{"href":"https:\/\/www.asso-unil.ch\/orphi\/wp-json\/wp\/v2\/types\/post"}],"author":[{"embeddable":true,"href":"https:\/\/www.asso-unil.ch\/orphi\/wp-json\/wp\/v2\/users\/1001019"}],"replies":[{"embeddable":true,"href":"https:\/\/www.asso-unil.ch\/orphi\/wp-json\/wp\/v2\/comments?post=230"}],"version-history":[{"count":0,"href":"https:\/\/www.asso-unil.ch\/orphi\/wp-json\/wp\/v2\/posts\/230\/revisions"}],"wp:attachment":[{"href":"https:\/\/www.asso-unil.ch\/orphi\/wp-json\/wp\/v2\/media?parent=230"}],"wp:term":[{"taxonomy":"category","embeddable":true,"href":"https:\/\/www.asso-unil.ch\/orphi\/wp-json\/wp\/v2\/categories?post=230"},{"taxonomy":"post_tag","embeddable":true,"href":"https:\/\/www.asso-unil.ch\/orphi\/wp-json\/wp\/v2\/tags?post=230"}],"curies":[{"name":"wp","href":"https:\/\/api.w.org\/{rel}","templated":true}]}}