{"id":785,"date":"2015-02-19T10:00:00","date_gmt":"2015-02-19T09:00:00","guid":{"rendered":"https:\/\/www.asso-unil.ch\/lecabanon\/?p=785"},"modified":"2023-03-21T21:37:20","modified_gmt":"2023-03-21T20:37:20","slug":"les-decombres-de-la-fluidite-19-02-xx-xx-2015","status":"publish","type":"post","link":"https:\/\/www.asso-unil.ch\/lecabanon\/2015\/02\/les-decombres-de-la-fluidite-19-02-xx-xx-2015\/","title":{"rendered":"Les d\u00e9combres de la fluidit\u00e9 (19.02 &#8211; 29.05.2015)"},"content":{"rendered":"\n<h2 class=\"has-large-font-size wp-block-heading\">Artiste : Tarik Hayward<br>Commissariat : Ascanio Cecco<\/h2>\n\n\n\n<p>Avec&nbsp;<em>Les d\u00e9combres de la finitude<\/em>, Tarik Hayward a pr\u00e9vu d\u2019investir Le Cabanon, espace d\u2019ex- position pour l\u2019art contemporain situ\u00e9 \u00e0 l\u2019Universit\u00e9 de Lausanne, en intervenant directement sur la construction en bois qui l\u2019occupe et lui donne son nom. Travaillant \u00e0 partir d\u2019un substrat terreux, l\u2019artiste interroge les rapports entre les \u00e9l\u00e9ments de structure, qui donnent \u00e0 l\u2019objet architectural sa solidit\u00e9, et la mati\u00e8re organique \u00e0 laquelle ils sont confront\u00e9s.<br>L\u2019exposition, d\u2019une dur\u00e9e de quatre mois et dont le commissariat est assur\u00e9 par Ascanio Cecco, donne \u00e0 voir une installation sujette \u00e0 des dialogues constants entre son caract\u00e8re tout \u00e0 la fois stable et \u00e9volutif, dans une confrontation des espaces qu\u2019elle \u00e9voque et des moments architecturaux auxquels elle renvoie.<br>Ouvrant \u00e0 un imaginaire futur et cependant non programm\u00e9 de l\u2019objet (d\u00e9)construit, l\u2019\u0153uvre de Tarik Hayward vit ainsi \u00e0 la fron- ti\u00e8re des mondes, entre ruines en devenir et arch\u00e9ologie ren- vers\u00e9e.<\/p>\n\n\n\n<p>Tarik Hayward, r\u00e9cipiendaire du prix Casimir Reymond, pr\u00e9figure avec cette installation au Cabanon une intervention sur l\u2019ensemble du campus UNIL. Cette derni\u00e8re se d\u00e9veloppera d\u00e8s le printemps 2015, \u00e0 l\u2019occasion du second volet monographique de la Triennale UNIL 2013, et se terminera \u00e0 l\u2019automne 2016.<\/p>\n\n\n\n<p><\/p>\n\n\n\n<p><strong>19 f\u00e9vrier 2015 <\/strong>Vernissage <\/p>\n\n\n\n<p><strong>30 avril 2015<\/strong> Workshop <\/p>\n\n\n\n<p><strong>12 mars 2015<\/strong> Marathon de conf\u00e9rences <br>Une journ\u00e9e sous le th\u00e8me de \u00ab\u00a0Rue to the ruin\u00a0\u00bb. <br>Chercheurs, conservateurs, artistes, seront invit\u00e9es \u00e0 s\u2019exprimer librement autour de la question de la ruine, selon des modalit\u00e9s et des angles d\u2019approche vari\u00e9s, allant de l\u2019arch\u00e9ologie \u00e0 l\u2019histoire de l\u2019art moderne, en passant par la performance. La participation \u00e0 ce colloque, qui sera suivi d\u2019un ap\u00e9ritif, est gratuite et ouverte \u00e0 tous. <br>Cet \u00e9v\u00e8nement a lieux \u00e0 l&rsquo;Universit\u00e9 de Lausanne, B\u00e2timent Internef, salle num\u00e9ro 271.<\/p>\n\n\n\n<p><em>La ruine en tant que lieu de convergence du pass\u00e9, du pr\u00e9sent et du futur<\/em> par Carl Magnusson, ma\u00eetre-assistant \u00e0 la Section d\u2019histoire de l\u2019art de l\u2019Universit\u00e9 de Lausanne. Il travaille actuellement \u00e0 la pr\u00e9paration d\u2019un livre sur les mutations du discours sur la d\u00e9coration au XVIIIe si\u00e8cle. Sa th\u00e8se de doctorat, consacr\u00e9e \u00e0 la carri\u00e8re, \u00e0 la production et aux comp\u00e9tences th\u00e9oriques des sculpteurs d\u2019ornement \u00e0 Gen\u00e8ve au XVIIIe si\u00e8cle, sera publi\u00e9e en 2015 (Librairie Droz). Ses autres domaines de recherche et d\u2019enseignement sont&nbsp;: l\u2019architecture et la d\u00e9coration au XVIIe et XVIIIe si\u00e8cle&nbsp;; les transferts culturels entre la France et la Suisse&nbsp;; l\u2019histoire de l\u2019histoire de l\u2019art.<\/p>\n\n\n\n<p><em>Nos ruines<\/em>. Diane Scott vient du th\u00e9\u00e2tre o\u00f9 elle a travaill\u00e9 longtemps comme metteur en sc\u00e8ne. Elle a men\u00e9 parall\u00e8lement et poursuit une activit\u00e9 th\u00e9orique qui va de la critique dramatique \u00e0 la recherche universitaire. Elle a publi\u00e9 notamment \u00ab\u00a0Carnet critique, Avignon 2009\u00a0\u00bb, L\u2019Harmattan, Paris, 2010. Elle \u00e9crit actuellement un livre sur la notion de th\u00e9\u00e2tre du peuple et la question de la culture publique. Collaboratrice du Studio-Th\u00e9\u00e2tre de Vitry-sur-Seine, elle est la r\u00e9dactrice en chef de sa revue, \u00ab\u00a0Revue Incise\u00a0\u00bb. (<a href=\"https:\/\/www.lescorpssecrets.fr\/\">www.lescorpssecrets.fr<\/a>)<\/p>\n\n\n\n<p><em>Les sous-couches violentes une approche de l&rsquo;objet d&rsquo;\u00e9tude<\/em>, par Marius Schaffter&nbsp;et J\u00e9r\u00f4me St\u00fcnzi<br>Marius Schaffter (1980, Gen\u00e8ve) est com\u00e9dien, performer, danseur, scientifique, dramaturge et acteur. Dipl\u00f4m\u00e9 de l\u2019\u00e9cole de th\u00e9\u00e2tre Serge Martin, il a aussi \u00e9tudi\u00e9 les sciences de la danse, la g\u00e9ographie et les Cultural Studies, domaine o\u00f9 il a \u00e9t\u00e9 chercheur enseignant \u00e0 l&rsquo;Universit\u00e9 de Gen\u00e8ve.&nbsp;<br>J\u00e9r\u00f4me St\u00fcnzi (1981, Biel\/Bienne), s\u2019est form\u00e9 \u00e0 l\u2019\u00e9cole d\u2019Arts Visuels de Bienne. Il bricole, trafique et participe \u00e0 diff\u00e9rents projets de petite et moyenne envergure dans un style d\u2019Art modeste ambitieux, en tant que peintre, costumier, sc\u00e9nographe ou sculpteur.<br>Marius Schaffter et J\u00e9r\u00f4me St\u00fcnzi d\u00e9veloppent un travail commun au sein du collectif Old Masters.<\/p>\n\n\n\n<p><em>Inside the ruins &#8211; (outside the white cube)<\/em>, par Katharina Hohmann<br>Katharina Hohmann, n\u00e9e en Suisse, enfance en Italie, \u00e9tudes aux Beaux-Arts de Berlin en peinture, sculpture et installation. Depuis 2007 elle est la professeure responsable de l\u2019option Construction, art et espaces, de la HEAD \u2013 Gen\u00e8ve. Elle travaille comme artiste et curatrice en divers projets et constellations aussi interdisciplinaires. Dans sa pratique d\u2019artiste, elle est concern\u00e9e avec des installations temporaires dans des espaces soit publiques soit institutionnels, qu\u2019elle transforme avec des interventions subtiles, souvent en utilisant le moyen de la simulation du r\u00e9el. Ses installations sont toujours li\u00e9es aux lieux des interventions et \u00e0 la recherche conduite \u2013 concernant l\u2019histoire et les circonstances politiques et sociaux des lieux en question. Elle a publi\u00e9 un grand nombre de livres, notamment avec NGBK Berlin, les maisons d\u2019\u00e9dition Merve ou Revolver Berlin, ou r\u00e9cemment les Presses du R\u00e9el en co-\u00e9dition avec la HEAD \u2013 Gen\u00e8ve.<\/p>\n\n\n\n<p><strong>30&nbsp;avril&nbsp;2015<\/strong> Ev\u00e9nement radiophonique<br>En collaboration avec Urgent Paradise, un espace d\u2019art contemporain situ\u00e9 \u00e0 Lausanne, Le Cabanon organise une \u00e9mission radiophonique autour du livre, en lien avec une pr\u00e9sentation publique d\u2019ouvrages choisis. Les deux espaces, ainsi que le commissaire et l\u2019artiste de&nbsp;<em>Les d\u00e9combres de la finitude&nbsp;<\/em>r\u00e9fl\u00e9chiront ensemble, l\u2019espace d\u2019une jour- n\u00e9e, aux probl\u00e9matiques soulev\u00e9es par l\u2019exposition, sous une pers- pective \u00e0 la fois artistique et curatoriale. La discussion sera ouverte au public, celui-ci \u00e9tant justement invit\u00e9 \u00e0 assister \u00e0 l\u2019\u00e9mission de radio ainsi qu\u2019\u00e0 l\u2019exposition de livres qui l\u2019accompagne.<br>Infos pratiques: Urgent Paradise, C\u00e9sar Roux 14, CH-1005 Lau- sanne \u2013 www.lecabanon-unil.ch \/ www.urgentparadise.ch<\/p>\n\n\n\n<p><strong>29 mai 2015<\/strong> Finissage <\/p>\n\n\n\n<div class=\"wp-block-columns is-layout-flex wp-container-core-columns-is-layout-9d6595d7 wp-block-columns-is-layout-flex\">\n<div class=\"wp-block-column is-layout-flow wp-block-column-is-layout-flow\">\n<figure class=\"wp-block-image size-large\"><img alt=\"\" loading=\"lazy\" decoding=\"async\" width=\"1024\" height=\"768\" src=\"https:\/\/www.asso-unil.ch\/lecabanon\/files\/2015\/02\/IMG_8231-1024x768.jpg\" alt=\"\" class=\"wp-image-796\" srcset=\"https:\/\/www.asso-unil.ch\/lecabanon\/files\/2015\/02\/IMG_8231-1024x768.jpg 1024w, https:\/\/www.asso-unil.ch\/lecabanon\/files\/2015\/02\/IMG_8231-300x225.jpg 300w, https:\/\/www.asso-unil.ch\/lecabanon\/files\/2015\/02\/IMG_8231-768x576.jpg 768w, https:\/\/www.asso-unil.ch\/lecabanon\/files\/2015\/02\/IMG_8231-540x405.jpg 540w, https:\/\/www.asso-unil.ch\/lecabanon\/files\/2015\/02\/IMG_8231-1080x810.jpg 1080w, https:\/\/www.asso-unil.ch\/lecabanon\/files\/2015\/02\/IMG_8231.jpg 1280w\" sizes=\"auto, (max-width: 1024px) 100vw, 1024px\" \/><\/figure>\n\n\n\n<figure class=\"wp-block-image size-large\"><img alt=\"\" loading=\"lazy\" decoding=\"async\" width=\"1024\" height=\"768\" src=\"https:\/\/www.asso-unil.ch\/lecabanon\/files\/2015\/02\/20150430_115221-resized-2048-1024x768.jpg\" alt=\"\" class=\"wp-image-794\" srcset=\"https:\/\/www.asso-unil.ch\/lecabanon\/files\/2015\/02\/20150430_115221-resized-2048-1024x768.jpg 1024w, https:\/\/www.asso-unil.ch\/lecabanon\/files\/2015\/02\/20150430_115221-resized-2048-300x225.jpg 300w, https:\/\/www.asso-unil.ch\/lecabanon\/files\/2015\/02\/20150430_115221-resized-2048-768x576.jpg 768w, https:\/\/www.asso-unil.ch\/lecabanon\/files\/2015\/02\/20150430_115221-resized-2048-1536x1152.jpg 1536w, https:\/\/www.asso-unil.ch\/lecabanon\/files\/2015\/02\/20150430_115221-resized-2048-540x405.jpg 540w, https:\/\/www.asso-unil.ch\/lecabanon\/files\/2015\/02\/20150430_115221-resized-2048-1080x810.jpg 1080w, https:\/\/www.asso-unil.ch\/lecabanon\/files\/2015\/02\/20150430_115221-resized-2048.jpg 1600w\" sizes=\"auto, (max-width: 1024px) 100vw, 1024px\" \/><\/figure>\n<\/div>\n\n\n\n<div class=\"wp-block-column is-layout-flow wp-block-column-is-layout-flow\">\n<figure class=\"wp-block-image size-full\"><img alt=\"\" loading=\"lazy\" decoding=\"async\" width=\"960\" height=\"720\" src=\"https:\/\/www.asso-unil.ch\/lecabanon\/files\/2015\/02\/11042147_10205194319271882_2083075255_n.jpg\" alt=\"\" class=\"wp-image-797\" srcset=\"https:\/\/www.asso-unil.ch\/lecabanon\/files\/2015\/02\/11042147_10205194319271882_2083075255_n.jpg 960w, https:\/\/www.asso-unil.ch\/lecabanon\/files\/2015\/02\/11042147_10205194319271882_2083075255_n-300x225.jpg 300w, https:\/\/www.asso-unil.ch\/lecabanon\/files\/2015\/02\/11042147_10205194319271882_2083075255_n-768x576.jpg 768w, https:\/\/www.asso-unil.ch\/lecabanon\/files\/2015\/02\/11042147_10205194319271882_2083075255_n-540x405.jpg 540w\" sizes=\"auto, (max-width: 960px) 100vw, 960px\" \/><\/figure>\n\n\n\n<figure class=\"wp-block-image size-large\"><img alt=\"\" loading=\"lazy\" decoding=\"async\" width=\"1024\" height=\"768\" src=\"https:\/\/www.asso-unil.ch\/lecabanon\/files\/2015\/02\/20150430_215720-resized-2048-1024x768.jpg\" alt=\"\" class=\"wp-image-795\" srcset=\"https:\/\/www.asso-unil.ch\/lecabanon\/files\/2015\/02\/20150430_215720-resized-2048-1024x768.jpg 1024w, https:\/\/www.asso-unil.ch\/lecabanon\/files\/2015\/02\/20150430_215720-resized-2048-300x225.jpg 300w, https:\/\/www.asso-unil.ch\/lecabanon\/files\/2015\/02\/20150430_215720-resized-2048-768x576.jpg 768w, https:\/\/www.asso-unil.ch\/lecabanon\/files\/2015\/02\/20150430_215720-resized-2048-1536x1152.jpg 1536w, https:\/\/www.asso-unil.ch\/lecabanon\/files\/2015\/02\/20150430_215720-resized-2048-540x405.jpg 540w, https:\/\/www.asso-unil.ch\/lecabanon\/files\/2015\/02\/20150430_215720-resized-2048-1080x810.jpg 1080w, https:\/\/www.asso-unil.ch\/lecabanon\/files\/2015\/02\/20150430_215720-resized-2048.jpg 1600w\" sizes=\"auto, (max-width: 1024px) 100vw, 1024px\" \/><\/figure>\n<\/div>\n<\/div>\n\n\n\n<p><\/p>\n","protected":false},"excerpt":{"rendered":"<p>Artiste : Tarik HaywardCommissariat : Ascanio Cecco Avec&nbsp;Les d\u00e9combres de la finitude, Tarik Hayward a pr\u00e9vu d\u2019investir Le Cabanon, espace d\u2019ex- position pour l\u2019art contemporain situ\u00e9 \u00e0 l\u2019Universit\u00e9&hellip;<\/p>\n","protected":false},"author":1001278,"featured_media":801,"comment_status":"closed","ping_status":"closed","sticky":false,"template":"template-full-width.php","format":"standard","meta":{"_seopress_robots_primary_cat":"","_seopress_titles_title":"","_seopress_titles_desc":"","_seopress_robots_index":"","footnotes":""},"categories":[1],"tags":[],"class_list":{"0":"post-785","1":"post","2":"type-post","3":"status-publish","4":"format-standard","5":"has-post-thumbnail","7":"category-expositions"},"_links":{"self":[{"href":"https:\/\/www.asso-unil.ch\/lecabanon\/wp-json\/wp\/v2\/posts\/785","targetHints":{"allow":["GET"]}}],"collection":[{"href":"https:\/\/www.asso-unil.ch\/lecabanon\/wp-json\/wp\/v2\/posts"}],"about":[{"href":"https:\/\/www.asso-unil.ch\/lecabanon\/wp-json\/wp\/v2\/types\/post"}],"author":[{"embeddable":true,"href":"https:\/\/www.asso-unil.ch\/lecabanon\/wp-json\/wp\/v2\/users\/1001278"}],"replies":[{"embeddable":true,"href":"https:\/\/www.asso-unil.ch\/lecabanon\/wp-json\/wp\/v2\/comments?post=785"}],"version-history":[{"count":0,"href":"https:\/\/www.asso-unil.ch\/lecabanon\/wp-json\/wp\/v2\/posts\/785\/revisions"}],"wp:featuredmedia":[{"embeddable":true,"href":"https:\/\/www.asso-unil.ch\/lecabanon\/wp-json\/wp\/v2\/media\/801"}],"wp:attachment":[{"href":"https:\/\/www.asso-unil.ch\/lecabanon\/wp-json\/wp\/v2\/media?parent=785"}],"wp:term":[{"taxonomy":"category","embeddable":true,"href":"https:\/\/www.asso-unil.ch\/lecabanon\/wp-json\/wp\/v2\/categories?post=785"},{"taxonomy":"post_tag","embeddable":true,"href":"https:\/\/www.asso-unil.ch\/lecabanon\/wp-json\/wp\/v2\/tags?post=785"}],"curies":[{"name":"wp","href":"https:\/\/api.w.org\/{rel}","templated":true}]}}