{"id":743,"date":"2020-03-12T08:00:00","date_gmt":"2020-03-12T07:00:00","guid":{"rendered":"https:\/\/www.asso-unil.ch\/lecabanon\/?p=743"},"modified":"2023-03-21T21:29:59","modified_gmt":"2023-03-21T20:29:59","slug":"vente-aux-encheres","status":"publish","type":"post","link":"https:\/\/www.asso-unil.ch\/lecabanon\/2020\/03\/vente-aux-encheres\/","title":{"rendered":"Vente aux ench\u00e8res (12.03.2020)."},"content":{"rendered":"\n<h2 class=\"has-large-font-size wp-block-heading\">Ev\u00e8nement : 12 mars 2020, 17h30 &#8211; 19h30<br>Avec les oeuvres de : Anne Laure, Anouchka P\u00e9rez, C\u00e9dric Vionnet &amp; Fabien Brusset, Claude Augsburger, Gilles Brusset, Guillaume D\u00e9nervaud, J\u00e9r\u00e9mie Wenger, Mathias PFund, Marinka Limat, Simon Deppierraz, Tayeb Kendouci &amp; Mathias Pfund, Thomas Koenig, Vincent Kohler, X\u00e9nia Laffely &amp; la collection du Cabanon<\/h2>\n\n\n\n<p>Dans le cadre de l&rsquo;anniversaire des dix ans de l&rsquo;espace, le Cabanon vous propose une vente aux ench\u00e8res : venez (re)d\u00e9couvrir les oeuvres d&rsquo;artistes ayant rythm\u00e9 cette d\u00e9cennie et tenir de les acqu\u00e9rir, jeudi 12 mars 2020, de 17h30 \u00e0 19h30! Suivra des r\u00e9sultats autour d&rsquo;un buffet. <br>Dans l&rsquo;attente de pouvoir reporter la mise sur notre site internet, venez rep\u00e9rer les odeurs expos\u00e9es sur place a partir du 9 mars. <\/p>\n\n\n\n<p><\/p>\n","protected":false},"excerpt":{"rendered":"<p>Ev\u00e8nement : 12 mars 2020, 17h30 &#8211; 19h30Avec les oeuvres de : Anne Laure, Anouchka P\u00e9rez, C\u00e9dric Vionnet &amp; Fabien Brusset, Claude Augsburger, Gilles Brusset, Guillaume D\u00e9nervaud, J\u00e9r\u00e9mie&hellip;<\/p>\n","protected":false},"author":1001278,"featured_media":744,"comment_status":"closed","ping_status":"closed","sticky":false,"template":"template-full-width.php","format":"standard","meta":{"_seopress_robots_primary_cat":"","_seopress_titles_title":"","_seopress_titles_desc":"","_seopress_robots_index":"","footnotes":""},"categories":[1],"tags":[],"class_list":{"0":"post-743","1":"post","2":"type-post","3":"status-publish","4":"format-standard","5":"has-post-thumbnail","7":"category-expositions"},"_links":{"self":[{"href":"https:\/\/www.asso-unil.ch\/lecabanon\/wp-json\/wp\/v2\/posts\/743","targetHints":{"allow":["GET"]}}],"collection":[{"href":"https:\/\/www.asso-unil.ch\/lecabanon\/wp-json\/wp\/v2\/posts"}],"about":[{"href":"https:\/\/www.asso-unil.ch\/lecabanon\/wp-json\/wp\/v2\/types\/post"}],"author":[{"embeddable":true,"href":"https:\/\/www.asso-unil.ch\/lecabanon\/wp-json\/wp\/v2\/users\/1001278"}],"replies":[{"embeddable":true,"href":"https:\/\/www.asso-unil.ch\/lecabanon\/wp-json\/wp\/v2\/comments?post=743"}],"version-history":[{"count":0,"href":"https:\/\/www.asso-unil.ch\/lecabanon\/wp-json\/wp\/v2\/posts\/743\/revisions"}],"wp:featuredmedia":[{"embeddable":true,"href":"https:\/\/www.asso-unil.ch\/lecabanon\/wp-json\/wp\/v2\/media\/744"}],"wp:attachment":[{"href":"https:\/\/www.asso-unil.ch\/lecabanon\/wp-json\/wp\/v2\/media?parent=743"}],"wp:term":[{"taxonomy":"category","embeddable":true,"href":"https:\/\/www.asso-unil.ch\/lecabanon\/wp-json\/wp\/v2\/categories?post=743"},{"taxonomy":"post_tag","embeddable":true,"href":"https:\/\/www.asso-unil.ch\/lecabanon\/wp-json\/wp\/v2\/tags?post=743"}],"curies":[{"name":"wp","href":"https:\/\/api.w.org\/{rel}","templated":true}]}}