{"id":311,"date":"2017-09-01T17:08:00","date_gmt":"2017-09-01T15:08:00","guid":{"rendered":"https:\/\/www.asso-unil.ch\/lecabanon\/?p=311"},"modified":"2023-03-21T21:34:58","modified_gmt":"2023-03-21T20:34:58","slug":"a-n-t-xx-xx-xx-xx-xxxx","status":"publish","type":"post","link":"https:\/\/www.asso-unil.ch\/lecabanon\/2017\/09\/a-n-t-xx-xx-xx-xx-xxxx\/","title":{"rendered":"A.N.T. (20.09 &#8211; 20.12.2017)."},"content":{"rendered":"\n<h2 class=\"has-large-font-size wp-block-heading\">Artistes : Object Oriented Oficina. Compos\u00e9 de Pietro Alberti, Florian Amoser, Lison Christe<br>Commisariat : Anne-Sophie Capr\u00e9 &amp; Caroline Guillard<\/h2>\n\n\n\n<p>L\u2019installation est en marche toutes les premi\u00e8res 15 minutes de chaque heure, de 9h \u00e0 19h.<\/p>\n\n\n\n<p><strong>20 septembre 2017<\/strong> Vernissage <\/p>\n\n\n\n<p><strong>05 octobre 17<\/strong> Visite Guid\u00e9e<br>Avec l&rsquo;intervention des artistes et commissaires d&rsquo;exposition. <\/p>\n\n\n\n<p><strong>09 novembre 2017<\/strong> Table ronde <br>Intitul\u00e9e \u00ab\u00a0Technologies num\u00e9riques et nouveaux \u00ab\u00a0regards\u00a0\u00bb\u00a0\u00bb.<br>Au travers d\u2019une installation pens\u00e9e express\u00e9ment pour le Cabanon, l\u2019exposition A.N.T. explore la mani\u00e8re dont la technologie semble investir, de fa\u00e7on toujours plus profonde, notre quotidien. L\u2019installation ex\u00e9cut\u00e9e par le collectif Objected Oriented Oficina nous immerge au sein d\u2019un mouvement particulier : celui de la d\u00e9mat\u00e9rialisation du savoir \u00e0 travers la prolif\u00e9ration d\u2019informations et d\u2019images \u00e9manant du monde num\u00e9rique. En \u00e9cho \u00e0 cette exposition, la table ronde de ce semestre sera l\u2019occasion d\u2019interroger les relations entre arts et technologies ainsi que la mani\u00e8re dont les outils num\u00e9riques impr\u00e8gnent aujourd\u2019hui notre culture visuelle. Nous nous int\u00e9resserons \u00e0 la fa\u00e7on dont l\u2019art contemporain int\u00e8gre ces nouvelles techniques de production et de diffusion, ainsi qu\u2019aux m\u00e9canismes par lesquels ce dernier, au sein de l\u2019ubiquit\u00e9 croissante des moyens technologiques, parvient non seulement \u00e0 s\u2019adapter mais \u00e9galement \u00e0 d\u00e9velopper un langage permettant de red\u00e9finir le cadre du r\u00e9gime de visibilit\u00e9 dans lequel il s\u2019inscrit. <br>Avec l&rsquo;intervention de Loic Baboulaz (ARTMYN SA), Carole Maign\u00e9 (Unil), Melissa R\u00e9rat (Unine), Manuel Sigrist (Mus\u00e9e de l\u2019\u00c9lys\u00e9e). Mod\u00e9ration par Samuel Schellenberg (Le Courrier). <\/p>\n\n\n\n<p><strong>20 d\u00e9cembre 2017<\/strong> Projection d&rsquo;images et verr\u00e9e de finissage <\/p>\n\n\n\n<div class=\"wp-block-columns is-layout-flex wp-container-core-columns-is-layout-9d6595d7 wp-block-columns-is-layout-flex\">\n<div class=\"wp-block-column is-layout-flow wp-block-column-is-layout-flow\">\n<figure class=\"wp-block-image alignwide size-large is-style-default\"><img alt=\"\" loading=\"lazy\" decoding=\"async\" width=\"1024\" height=\"769\" src=\"https:\/\/www.asso-unil.ch\/lecabanon\/files\/2017\/09\/OOOF_WTACTAP-9861_1-1024x769.jpg\" alt=\"\" class=\"wp-image-724\" srcset=\"https:\/\/www.asso-unil.ch\/lecabanon\/files\/2017\/09\/OOOF_WTACTAP-9861_1-1024x769.jpg 1024w, https:\/\/www.asso-unil.ch\/lecabanon\/files\/2017\/09\/OOOF_WTACTAP-9861_1-300x225.jpg 300w, https:\/\/www.asso-unil.ch\/lecabanon\/files\/2017\/09\/OOOF_WTACTAP-9861_1-768x577.jpg 768w, https:\/\/www.asso-unil.ch\/lecabanon\/files\/2017\/09\/OOOF_WTACTAP-9861_1-1536x1153.jpg 1536w, https:\/\/www.asso-unil.ch\/lecabanon\/files\/2017\/09\/OOOF_WTACTAP-9861_1-540x406.jpg 540w, https:\/\/www.asso-unil.ch\/lecabanon\/files\/2017\/09\/OOOF_WTACTAP-9861_1-1080x811.jpg 1080w, https:\/\/www.asso-unil.ch\/lecabanon\/files\/2017\/09\/OOOF_WTACTAP-9861_1.jpg 1598w\" sizes=\"auto, (max-width: 1024px) 100vw, 1024px\" \/><\/figure>\n<\/div>\n<\/div>\n\n\n\n<div class=\"wp-block-columns is-layout-flex wp-container-core-columns-is-layout-9d6595d7 wp-block-columns-is-layout-flex\">\n<div class=\"wp-block-column is-layout-flow wp-block-column-is-layout-flow\">\n<figure class=\"wp-block-image size-large\"><img alt=\"\" loading=\"lazy\" decoding=\"async\" width=\"683\" height=\"1024\" src=\"https:\/\/www.asso-unil.ch\/lecabanon\/files\/2017\/09\/OOOF_WTACTAP-0108_1-683x1024.jpg\" alt=\"\" class=\"wp-image-718\" srcset=\"https:\/\/www.asso-unil.ch\/lecabanon\/files\/2017\/09\/OOOF_WTACTAP-0108_1-683x1024.jpg 683w, https:\/\/www.asso-unil.ch\/lecabanon\/files\/2017\/09\/OOOF_WTACTAP-0108_1-200x300.jpg 200w, https:\/\/www.asso-unil.ch\/lecabanon\/files\/2017\/09\/OOOF_WTACTAP-0108_1-768x1152.jpg 768w, https:\/\/www.asso-unil.ch\/lecabanon\/files\/2017\/09\/OOOF_WTACTAP-0108_1-540x810.jpg 540w, https:\/\/www.asso-unil.ch\/lecabanon\/files\/2017\/09\/OOOF_WTACTAP-0108_1.jpg 800w\" sizes=\"auto, (max-width: 683px) 100vw, 683px\" \/><\/figure>\n<\/div>\n\n\n\n<div class=\"wp-block-column is-layout-flow wp-block-column-is-layout-flow\">\n<figure class=\"wp-block-image size-large\"><img alt=\"\" loading=\"lazy\" decoding=\"async\" width=\"687\" height=\"1024\" src=\"https:\/\/www.asso-unil.ch\/lecabanon\/files\/2017\/09\/OOOF_WTACTAP-0128_1-687x1024.jpg\" alt=\"\" class=\"wp-image-719\" srcset=\"https:\/\/www.asso-unil.ch\/lecabanon\/files\/2017\/09\/OOOF_WTACTAP-0128_1-687x1024.jpg 687w, https:\/\/www.asso-unil.ch\/lecabanon\/files\/2017\/09\/OOOF_WTACTAP-0128_1-201x300.jpg 201w, https:\/\/www.asso-unil.ch\/lecabanon\/files\/2017\/09\/OOOF_WTACTAP-0128_1-768x1145.jpg 768w, https:\/\/www.asso-unil.ch\/lecabanon\/files\/2017\/09\/OOOF_WTACTAP-0128_1-540x805.jpg 540w, https:\/\/www.asso-unil.ch\/lecabanon\/files\/2017\/09\/OOOF_WTACTAP-0128_1.jpg 805w\" sizes=\"auto, (max-width: 687px) 100vw, 687px\" \/><\/figure>\n<\/div>\n\n\n\n<div class=\"wp-block-column is-layout-flow wp-block-column-is-layout-flow\">\n<figure class=\"wp-block-image size-large\"><img alt=\"\" loading=\"lazy\" decoding=\"async\" width=\"683\" height=\"1024\" src=\"https:\/\/www.asso-unil.ch\/lecabanon\/files\/2017\/09\/OOOF_WTACTAP-0154_1-683x1024.jpg\" alt=\"\" class=\"wp-image-720\" srcset=\"https:\/\/www.asso-unil.ch\/lecabanon\/files\/2017\/09\/OOOF_WTACTAP-0154_1-683x1024.jpg 683w, https:\/\/www.asso-unil.ch\/lecabanon\/files\/2017\/09\/OOOF_WTACTAP-0154_1-200x300.jpg 200w, https:\/\/www.asso-unil.ch\/lecabanon\/files\/2017\/09\/OOOF_WTACTAP-0154_1-768x1152.jpg 768w, https:\/\/www.asso-unil.ch\/lecabanon\/files\/2017\/09\/OOOF_WTACTAP-0154_1-540x810.jpg 540w, https:\/\/www.asso-unil.ch\/lecabanon\/files\/2017\/09\/OOOF_WTACTAP-0154_1.jpg 800w\" sizes=\"auto, (max-width: 683px) 100vw, 683px\" \/><\/figure>\n<\/div>\n<\/div>\n\n\n\n<div class=\"wp-block-columns is-layout-flex wp-container-core-columns-is-layout-9d6595d7 wp-block-columns-is-layout-flex\">\n<div class=\"wp-block-column is-layout-flow wp-block-column-is-layout-flow\">\n<figure class=\"wp-block-image size-large\"><img alt=\"\" loading=\"lazy\" decoding=\"async\" width=\"683\" height=\"1024\" src=\"https:\/\/www.asso-unil.ch\/lecabanon\/files\/2017\/09\/OOOF_WTACTAP-0194_1-683x1024.jpg\" alt=\"\" class=\"wp-image-722\" srcset=\"https:\/\/www.asso-unil.ch\/lecabanon\/files\/2017\/09\/OOOF_WTACTAP-0194_1-683x1024.jpg 683w, https:\/\/www.asso-unil.ch\/lecabanon\/files\/2017\/09\/OOOF_WTACTAP-0194_1-200x300.jpg 200w, https:\/\/www.asso-unil.ch\/lecabanon\/files\/2017\/09\/OOOF_WTACTAP-0194_1-768x1152.jpg 768w, https:\/\/www.asso-unil.ch\/lecabanon\/files\/2017\/09\/OOOF_WTACTAP-0194_1-540x810.jpg 540w, https:\/\/www.asso-unil.ch\/lecabanon\/files\/2017\/09\/OOOF_WTACTAP-0194_1.jpg 800w\" sizes=\"auto, (max-width: 683px) 100vw, 683px\" \/><\/figure>\n<\/div>\n\n\n\n<div class=\"wp-block-column is-layout-flow wp-block-column-is-layout-flow\">\n<figure class=\"wp-block-image size-large\"><img alt=\"\" loading=\"lazy\" decoding=\"async\" width=\"683\" height=\"1024\" src=\"https:\/\/www.asso-unil.ch\/lecabanon\/files\/2017\/09\/OOOF_WTACTAP-0184_1-683x1024.jpg\" alt=\"\" class=\"wp-image-721\" srcset=\"https:\/\/www.asso-unil.ch\/lecabanon\/files\/2017\/09\/OOOF_WTACTAP-0184_1-683x1024.jpg 683w, https:\/\/www.asso-unil.ch\/lecabanon\/files\/2017\/09\/OOOF_WTACTAP-0184_1-200x300.jpg 200w, https:\/\/www.asso-unil.ch\/lecabanon\/files\/2017\/09\/OOOF_WTACTAP-0184_1-768x1152.jpg 768w, https:\/\/www.asso-unil.ch\/lecabanon\/files\/2017\/09\/OOOF_WTACTAP-0184_1-540x810.jpg 540w, https:\/\/www.asso-unil.ch\/lecabanon\/files\/2017\/09\/OOOF_WTACTAP-0184_1.jpg 800w\" sizes=\"auto, (max-width: 683px) 100vw, 683px\" \/><\/figure>\n<\/div>\n<\/div>\n","protected":false},"excerpt":{"rendered":"<p>Artistes : Object Oriented Oficina. Compos\u00e9 de Pietro Alberti, Florian Amoser, Lison ChristeCommisariat : Anne-Sophie Capr\u00e9 &amp; Caroline Guillard L\u2019installation est en marche toutes les premi\u00e8res 15 minutes&hellip;<\/p>\n","protected":false},"author":1001278,"featured_media":0,"comment_status":"closed","ping_status":"closed","sticky":false,"template":"template-full-width.php","format":"standard","meta":{"_seopress_robots_primary_cat":"","_seopress_titles_title":"","_seopress_titles_desc":"","_seopress_robots_index":"","footnotes":""},"categories":[1],"tags":[],"class_list":{"0":"post-311","1":"post","2":"type-post","3":"status-publish","4":"format-standard","5":"has-post-thumbnail","7":"category-expositions"},"_links":{"self":[{"href":"https:\/\/www.asso-unil.ch\/lecabanon\/wp-json\/wp\/v2\/posts\/311","targetHints":{"allow":["GET"]}}],"collection":[{"href":"https:\/\/www.asso-unil.ch\/lecabanon\/wp-json\/wp\/v2\/posts"}],"about":[{"href":"https:\/\/www.asso-unil.ch\/lecabanon\/wp-json\/wp\/v2\/types\/post"}],"author":[{"embeddable":true,"href":"https:\/\/www.asso-unil.ch\/lecabanon\/wp-json\/wp\/v2\/users\/1001278"}],"replies":[{"embeddable":true,"href":"https:\/\/www.asso-unil.ch\/lecabanon\/wp-json\/wp\/v2\/comments?post=311"}],"version-history":[{"count":0,"href":"https:\/\/www.asso-unil.ch\/lecabanon\/wp-json\/wp\/v2\/posts\/311\/revisions"}],"wp:attachment":[{"href":"https:\/\/www.asso-unil.ch\/lecabanon\/wp-json\/wp\/v2\/media?parent=311"}],"wp:term":[{"taxonomy":"category","embeddable":true,"href":"https:\/\/www.asso-unil.ch\/lecabanon\/wp-json\/wp\/v2\/categories?post=311"},{"taxonomy":"post_tag","embeddable":true,"href":"https:\/\/www.asso-unil.ch\/lecabanon\/wp-json\/wp\/v2\/tags?post=311"}],"curies":[{"name":"wp","href":"https:\/\/api.w.org\/{rel}","templated":true}]}}