{"id":303,"date":"2018-10-04T08:00:00","date_gmt":"2018-10-04T06:00:00","guid":{"rendered":"https:\/\/www.asso-unil.ch\/lecabanon\/?p=303"},"modified":"2023-03-21T21:34:04","modified_gmt":"2023-03-21T20:34:04","slug":"cher-bob-04-10-20-12-2018","status":"publish","type":"post","link":"https:\/\/www.asso-unil.ch\/lecabanon\/2018\/10\/cher-bob-04-10-20-12-2018\/","title":{"rendered":"Cher Bob (04.10 &#8211; 20.12.2018)"},"content":{"rendered":"\n<h2 class=\"has-large-font-size wp-block-heading\">Artiste : Rosanne Kapela<br>Commisariat : Camille Avellan<\/h2>\n\n\n\n<p>A l\u2019occasion des 30 ans de l\u2019Antenne romande de SIK-ISEA, Le Cabanon invite la jeune plasticienne Rosanne Kapela \u00e0 activer les archives personnelles d\u2019Arthur Jobin (1927-2000) r\u00e9unies par l\u2019artiste vaudois lui-m\u00eame. Pionnier de l\u2019abstraction g\u00e9om\u00e9trique en Suisse romande, Arthur Jobin \u2013 ou \u00ab Bob \u00bb pour les intimes \u2013 s\u2019est illustr\u00e9 par une \u0153uvre prot\u00e9iforme o\u00f9 le cercle et la courbe jouent un r\u00f4le essentiel, se d\u00e9clinant rituellement comme dans une danse sacr\u00e9e. A partir de documents conserv\u00e9s \u00e0 l\u2019Antenne romande, Rosanne Kapela s\u2019inspire du langage chromatique et des techniques d\u2019Arthur Jobin pour proposer une s\u00e9rie d\u2019interventions produites sp\u00e9cifiquement pour Le Cabanon, tout en exp\u00e9rimentant des mani\u00e8res de r\u00e9activer plastiquement une archive. Cette intervention donnera \u00e9galement lieu \u00e0 l\u2019\u00e9dition d\u2019une publication de l\u2019artiste autour d\u2019une s\u00e9lection des archives photographiques du fonds Arthur Jobin.<\/p>\n\n\n\n<p>Une exposition en collaboration avec le SIK-ISEA.<\/p>\n\n\n\n<p>Pour le semestre d\u2019automne, une carte blanche a \u00e9t\u00e9 confi\u00e9e \u00e0 Mathilde Avogadro, \u00e9tudiante \u00e0 l\u2019ECAL.<\/p>\n\n\n\n<p><strong>4 octobre 2018<\/strong> Vernissage <\/p>\n\n\n\n<p><strong>25 octobre 2018<\/strong> Visite guid\u00e9e<br>La visite sera guid\u00e9e par la commissaire d\u2019exposition Camille Avellan en pr\u00e9sence de l&rsquo;artiste. <\/p>\n\n\n\n<p><strong>15 novembre 2018 <\/strong>Table ronde <br>Intitul\u00e9e \u00ab\u00a0Potentialit\u00e9 de l&rsquo;archive, entre r\u00e9activation et reconstruction\u00a0\u00bb. Avec l&rsquo;intervention de Zo\u00e9 Auby, Rosanne Kapela, Camille Avellan, Nicolas Polli. Mod\u00e9ration par S\u00e9bastien Lesigneur. <br>En collaboration avec le SIK-ISEA.<br><br><strong>20 d\u00e9cembre 2018<\/strong> Finissage<br>Performance par Joanie Ecuyer. <\/p>\n\n\n\n<div class=\"wp-block-columns is-layout-flex wp-container-core-columns-is-layout-9d6595d7 wp-block-columns-is-layout-flex\">\n<div class=\"wp-block-column is-layout-flow wp-block-column-is-layout-flow\">\n<figure class=\"wp-block-image size-large\"><img alt=\"\" loading=\"lazy\" decoding=\"async\" width=\"683\" height=\"1024\" src=\"https:\/\/www.asso-unil.ch\/lecabanon\/files\/2018\/10\/VernissageCHERBOB_phDianaMartin-3-683x1024.jpg\" alt=\"\" class=\"wp-image-513\" srcset=\"https:\/\/www.asso-unil.ch\/lecabanon\/files\/2018\/10\/VernissageCHERBOB_phDianaMartin-3-683x1024.jpg 683w, https:\/\/www.asso-unil.ch\/lecabanon\/files\/2018\/10\/VernissageCHERBOB_phDianaMartin-3-200x300.jpg 200w, https:\/\/www.asso-unil.ch\/lecabanon\/files\/2018\/10\/VernissageCHERBOB_phDianaMartin-3-768x1152.jpg 768w, https:\/\/www.asso-unil.ch\/lecabanon\/files\/2018\/10\/VernissageCHERBOB_phDianaMartin-3-540x810.jpg 540w, https:\/\/www.asso-unil.ch\/lecabanon\/files\/2018\/10\/VernissageCHERBOB_phDianaMartin-3.jpg 800w\" sizes=\"auto, (max-width: 683px) 100vw, 683px\" \/><\/figure>\n<\/div>\n\n\n\n<div class=\"wp-block-column is-layout-flow wp-block-column-is-layout-flow\">\n<figure class=\"wp-block-image size-large\"><img alt=\"\" loading=\"lazy\" decoding=\"async\" width=\"683\" height=\"1024\" src=\"https:\/\/www.asso-unil.ch\/lecabanon\/files\/2018\/10\/VernissageCHERBOB_phDianaMartin-12-683x1024.jpg\" alt=\"\" class=\"wp-image-512\" srcset=\"https:\/\/www.asso-unil.ch\/lecabanon\/files\/2018\/10\/VernissageCHERBOB_phDianaMartin-12-683x1024.jpg 683w, https:\/\/www.asso-unil.ch\/lecabanon\/files\/2018\/10\/VernissageCHERBOB_phDianaMartin-12-200x300.jpg 200w, https:\/\/www.asso-unil.ch\/lecabanon\/files\/2018\/10\/VernissageCHERBOB_phDianaMartin-12-768x1152.jpg 768w, https:\/\/www.asso-unil.ch\/lecabanon\/files\/2018\/10\/VernissageCHERBOB_phDianaMartin-12-540x810.jpg 540w, https:\/\/www.asso-unil.ch\/lecabanon\/files\/2018\/10\/VernissageCHERBOB_phDianaMartin-12.jpg 800w\" sizes=\"auto, (max-width: 683px) 100vw, 683px\" \/><\/figure>\n<\/div>\n\n\n\n<div class=\"wp-block-column is-layout-flow wp-block-column-is-layout-flow\">\n<figure class=\"wp-block-image size-large\"><img alt=\"\" loading=\"lazy\" decoding=\"async\" width=\"683\" height=\"1024\" src=\"https:\/\/www.asso-unil.ch\/lecabanon\/files\/2018\/10\/VernissageCHERBOB_phDianaMartin-7-683x1024.jpg\" alt=\"\" class=\"wp-image-511\" srcset=\"https:\/\/www.asso-unil.ch\/lecabanon\/files\/2018\/10\/VernissageCHERBOB_phDianaMartin-7-683x1024.jpg 683w, https:\/\/www.asso-unil.ch\/lecabanon\/files\/2018\/10\/VernissageCHERBOB_phDianaMartin-7-200x300.jpg 200w, https:\/\/www.asso-unil.ch\/lecabanon\/files\/2018\/10\/VernissageCHERBOB_phDianaMartin-7-768x1152.jpg 768w, https:\/\/www.asso-unil.ch\/lecabanon\/files\/2018\/10\/VernissageCHERBOB_phDianaMartin-7-540x810.jpg 540w, https:\/\/www.asso-unil.ch\/lecabanon\/files\/2018\/10\/VernissageCHERBOB_phDianaMartin-7.jpg 800w\" sizes=\"auto, (max-width: 683px) 100vw, 683px\" \/><\/figure>\n<\/div>\n<\/div>\n\n\n\n<div class=\"wp-block-columns is-layout-flex wp-container-core-columns-is-layout-9d6595d7 wp-block-columns-is-layout-flex\">\n<div class=\"wp-block-column is-layout-flow wp-block-column-is-layout-flow\">\n<figure class=\"wp-block-image size-large\"><img alt=\"\" loading=\"lazy\" decoding=\"async\" width=\"1024\" height=\"683\" src=\"https:\/\/www.asso-unil.ch\/lecabanon\/files\/2018\/10\/VernissageCHERBOB_phDianaMartin-15-1024x683.jpg\" alt=\"\" class=\"wp-image-517\" srcset=\"https:\/\/www.asso-unil.ch\/lecabanon\/files\/2018\/10\/VernissageCHERBOB_phDianaMartin-15-1024x683.jpg 1024w, https:\/\/www.asso-unil.ch\/lecabanon\/files\/2018\/10\/VernissageCHERBOB_phDianaMartin-15-300x200.jpg 300w, https:\/\/www.asso-unil.ch\/lecabanon\/files\/2018\/10\/VernissageCHERBOB_phDianaMartin-15-768x512.jpg 768w, https:\/\/www.asso-unil.ch\/lecabanon\/files\/2018\/10\/VernissageCHERBOB_phDianaMartin-15-1536x1024.jpg 1536w, https:\/\/www.asso-unil.ch\/lecabanon\/files\/2018\/10\/VernissageCHERBOB_phDianaMartin-15-540x360.jpg 540w, https:\/\/www.asso-unil.ch\/lecabanon\/files\/2018\/10\/VernissageCHERBOB_phDianaMartin-15-1080x720.jpg 1080w, https:\/\/www.asso-unil.ch\/lecabanon\/files\/2018\/10\/VernissageCHERBOB_phDianaMartin-15.jpg 1800w\" sizes=\"auto, (max-width: 1024px) 100vw, 1024px\" \/><\/figure>\n\n\n\n<figure class=\"wp-block-image size-large\"><img alt=\"\" loading=\"lazy\" decoding=\"async\" width=\"1024\" height=\"683\" src=\"https:\/\/www.asso-unil.ch\/lecabanon\/files\/2018\/10\/VernissageCHERBOB_phDianaMartin-2-1024x683.jpg\" alt=\"\" class=\"wp-image-516\" srcset=\"https:\/\/www.asso-unil.ch\/lecabanon\/files\/2018\/10\/VernissageCHERBOB_phDianaMartin-2-1024x683.jpg 1024w, https:\/\/www.asso-unil.ch\/lecabanon\/files\/2018\/10\/VernissageCHERBOB_phDianaMartin-2-300x200.jpg 300w, https:\/\/www.asso-unil.ch\/lecabanon\/files\/2018\/10\/VernissageCHERBOB_phDianaMartin-2-768x512.jpg 768w, https:\/\/www.asso-unil.ch\/lecabanon\/files\/2018\/10\/VernissageCHERBOB_phDianaMartin-2-1536x1024.jpg 1536w, https:\/\/www.asso-unil.ch\/lecabanon\/files\/2018\/10\/VernissageCHERBOB_phDianaMartin-2-540x360.jpg 540w, https:\/\/www.asso-unil.ch\/lecabanon\/files\/2018\/10\/VernissageCHERBOB_phDianaMartin-2-1080x720.jpg 1080w, https:\/\/www.asso-unil.ch\/lecabanon\/files\/2018\/10\/VernissageCHERBOB_phDianaMartin-2.jpg 1800w\" sizes=\"auto, (max-width: 1024px) 100vw, 1024px\" \/><\/figure>\n<\/div>\n\n\n\n<div class=\"wp-block-column is-layout-flow wp-block-column-is-layout-flow\">\n<figure class=\"wp-block-image size-large\"><img alt=\"\" loading=\"lazy\" decoding=\"async\" width=\"1024\" height=\"683\" src=\"https:\/\/www.asso-unil.ch\/lecabanon\/files\/2018\/10\/VernissageCHERBOB_phDianaMartin-25-1024x683.jpg\" alt=\"\" class=\"wp-image-518\" srcset=\"https:\/\/www.asso-unil.ch\/lecabanon\/files\/2018\/10\/VernissageCHERBOB_phDianaMartin-25-1024x683.jpg 1024w, https:\/\/www.asso-unil.ch\/lecabanon\/files\/2018\/10\/VernissageCHERBOB_phDianaMartin-25-300x200.jpg 300w, https:\/\/www.asso-unil.ch\/lecabanon\/files\/2018\/10\/VernissageCHERBOB_phDianaMartin-25-768x512.jpg 768w, https:\/\/www.asso-unil.ch\/lecabanon\/files\/2018\/10\/VernissageCHERBOB_phDianaMartin-25-1536x1024.jpg 1536w, https:\/\/www.asso-unil.ch\/lecabanon\/files\/2018\/10\/VernissageCHERBOB_phDianaMartin-25-540x360.jpg 540w, https:\/\/www.asso-unil.ch\/lecabanon\/files\/2018\/10\/VernissageCHERBOB_phDianaMartin-25-1080x720.jpg 1080w, https:\/\/www.asso-unil.ch\/lecabanon\/files\/2018\/10\/VernissageCHERBOB_phDianaMartin-25.jpg 1800w\" sizes=\"auto, (max-width: 1024px) 100vw, 1024px\" \/><\/figure>\n\n\n\n<figure class=\"wp-block-image size-large\"><img alt=\"\" loading=\"lazy\" decoding=\"async\" width=\"1024\" height=\"683\" src=\"https:\/\/www.asso-unil.ch\/lecabanon\/files\/2018\/10\/VernissageCHERBOB_phDianaMartin-8-1024x683.jpg\" alt=\"\" class=\"wp-image-515\" srcset=\"https:\/\/www.asso-unil.ch\/lecabanon\/files\/2018\/10\/VernissageCHERBOB_phDianaMartin-8-1024x683.jpg 1024w, https:\/\/www.asso-unil.ch\/lecabanon\/files\/2018\/10\/VernissageCHERBOB_phDianaMartin-8-300x200.jpg 300w, https:\/\/www.asso-unil.ch\/lecabanon\/files\/2018\/10\/VernissageCHERBOB_phDianaMartin-8-768x512.jpg 768w, https:\/\/www.asso-unil.ch\/lecabanon\/files\/2018\/10\/VernissageCHERBOB_phDianaMartin-8-1536x1024.jpg 1536w, https:\/\/www.asso-unil.ch\/lecabanon\/files\/2018\/10\/VernissageCHERBOB_phDianaMartin-8-540x360.jpg 540w, https:\/\/www.asso-unil.ch\/lecabanon\/files\/2018\/10\/VernissageCHERBOB_phDianaMartin-8-1080x720.jpg 1080w, https:\/\/www.asso-unil.ch\/lecabanon\/files\/2018\/10\/VernissageCHERBOB_phDianaMartin-8.jpg 1800w\" sizes=\"auto, (max-width: 1024px) 100vw, 1024px\" \/><\/figure>\n<\/div>\n<\/div>\n","protected":false},"excerpt":{"rendered":"<p>Artiste : Rosanne KapelaCommisariat : Camille Avellan A l\u2019occasion des 30 ans de l\u2019Antenne romande de SIK-ISEA, Le Cabanon invite la jeune plasticienne Rosanne Kapela \u00e0 activer les&hellip;<\/p>\n","protected":false},"author":1001278,"featured_media":579,"comment_status":"closed","ping_status":"closed","sticky":false,"template":"template-full-width.php","format":"standard","meta":{"_seopress_robots_primary_cat":"","_seopress_titles_title":"","_seopress_titles_desc":"","_seopress_robots_index":"","footnotes":""},"categories":[1],"tags":[],"class_list":{"0":"post-303","1":"post","2":"type-post","3":"status-publish","4":"format-standard","5":"has-post-thumbnail","7":"category-expositions"},"_links":{"self":[{"href":"https:\/\/www.asso-unil.ch\/lecabanon\/wp-json\/wp\/v2\/posts\/303","targetHints":{"allow":["GET"]}}],"collection":[{"href":"https:\/\/www.asso-unil.ch\/lecabanon\/wp-json\/wp\/v2\/posts"}],"about":[{"href":"https:\/\/www.asso-unil.ch\/lecabanon\/wp-json\/wp\/v2\/types\/post"}],"author":[{"embeddable":true,"href":"https:\/\/www.asso-unil.ch\/lecabanon\/wp-json\/wp\/v2\/users\/1001278"}],"replies":[{"embeddable":true,"href":"https:\/\/www.asso-unil.ch\/lecabanon\/wp-json\/wp\/v2\/comments?post=303"}],"version-history":[{"count":0,"href":"https:\/\/www.asso-unil.ch\/lecabanon\/wp-json\/wp\/v2\/posts\/303\/revisions"}],"wp:featuredmedia":[{"embeddable":true,"href":"https:\/\/www.asso-unil.ch\/lecabanon\/wp-json\/wp\/v2\/media\/579"}],"wp:attachment":[{"href":"https:\/\/www.asso-unil.ch\/lecabanon\/wp-json\/wp\/v2\/media?parent=303"}],"wp:term":[{"taxonomy":"category","embeddable":true,"href":"https:\/\/www.asso-unil.ch\/lecabanon\/wp-json\/wp\/v2\/categories?post=303"},{"taxonomy":"post_tag","embeddable":true,"href":"https:\/\/www.asso-unil.ch\/lecabanon\/wp-json\/wp\/v2\/tags?post=303"}],"curies":[{"name":"wp","href":"https:\/\/api.w.org\/{rel}","templated":true}]}}