{"id":296,"date":"2018-09-06T08:00:00","date_gmt":"2018-09-06T06:00:00","guid":{"rendered":"https:\/\/www.asso-unil.ch\/lecabanon\/?p=296"},"modified":"2023-03-21T21:34:25","modified_gmt":"2023-03-21T20:34:25","slug":"debut-06-09","status":"publish","type":"post","link":"https:\/\/www.asso-unil.ch\/lecabanon\/2018\/09\/debut-06-09\/","title":{"rendered":"Debut (18.09 &#8211; 27.09.2018)"},"content":{"rendered":"\n<h2 class=\"has-large-font-size wp-block-heading\">Artiste: Le collectif anthropie.art<br><strong>Lieux d&rsquo;exposition<\/strong> : <strong>Le Cabanon (Anthropole) &amp; <em>Le Pavillon<\/em> (Grande de Doriny,  structure con\u00e7ue en collaboration avec le <em>Laboratoire EAST<\/em>&nbsp;de l\u2019Epfl)<\/strong><\/h2>\n\n\n\n<p>\u00ab\u00a0Tout droit jailli du bad brain d\u2019anthropie.art, <em>d\u00e9but<\/em> est un acte de langage unique, un non-lieu expressif, un proto-po\u00e8me dans lequel l\u2019univers raconte sa propre histoire, de la formation de l\u2019espace-temps jusqu\u2019\u00e0 l\u2019\u00e8re post-humaine. Dans cette odyss\u00e9e sans romantisme, juste un vertige : le jeu complexe des n\u00e9cessit\u00e9s, l\u2019architecture causale de la mati\u00e8re qui construit, \u2013 irr\u00e9m\u00e9diablement et sans erreur \u2013 chaque journ\u00e9e depuis le d\u00e9but des temps. <em>d\u00e9but<\/em> est int\u00e9gralement accessible sur la plateforme du collectif d\u2019\u00e9criture anthropie.art.<br>Adapt\u00e9 du texte et laur\u00e9ate du Prix Adresse Inconnue 2018, <em>d\u00e9but plastique <\/em>est une installation qui se donne \u00e0 lire. Comme les autres projets du collectif, l\u2019investissement du Cabanon constitue une proposition pour la litt\u00e9rature actuelle, une sortie possible du texte vers un au-del\u00e0. Qu\u2019il s\u2019agisse de quelques mots ou de pages enti\u00e8res, d\u00e9but se fragmente, essaie de r\u00e9\u00e9xister sur des b\u00e2ches, des drapeaux, des nappes, des sons, des lumi\u00e8res ou des vid\u00e9os.\u00a0\u00bb<\/p>\n\n\n\n<p><strong>06.09.18<\/strong> Vernissage <\/p>\n\n\n\n<p><strong>27.09.18<\/strong> Soir\u00e9e performance<br>Dj set par Mono-Tone<\/p>\n","protected":false},"excerpt":{"rendered":"<p>Artiste: Le collectif anthropie.artLieux d&rsquo;exposition : Le Cabanon (Anthropole) &amp; Le Pavillon (Grande de Doriny, structure con\u00e7ue en collaboration avec le Laboratoire EAST&nbsp;de l\u2019Epfl) \u00ab\u00a0Tout droit jailli du&hellip;<\/p>\n","protected":false},"author":1001278,"featured_media":1024,"comment_status":"closed","ping_status":"closed","sticky":false,"template":"template-full-width.php","format":"standard","meta":{"_seopress_robots_primary_cat":"","_seopress_titles_title":"","_seopress_titles_desc":"","_seopress_robots_index":"","footnotes":""},"categories":[1],"tags":[],"class_list":{"0":"post-296","1":"post","2":"type-post","3":"status-publish","4":"format-standard","5":"has-post-thumbnail","7":"category-expositions"},"_links":{"self":[{"href":"https:\/\/www.asso-unil.ch\/lecabanon\/wp-json\/wp\/v2\/posts\/296","targetHints":{"allow":["GET"]}}],"collection":[{"href":"https:\/\/www.asso-unil.ch\/lecabanon\/wp-json\/wp\/v2\/posts"}],"about":[{"href":"https:\/\/www.asso-unil.ch\/lecabanon\/wp-json\/wp\/v2\/types\/post"}],"author":[{"embeddable":true,"href":"https:\/\/www.asso-unil.ch\/lecabanon\/wp-json\/wp\/v2\/users\/1001278"}],"replies":[{"embeddable":true,"href":"https:\/\/www.asso-unil.ch\/lecabanon\/wp-json\/wp\/v2\/comments?post=296"}],"version-history":[{"count":0,"href":"https:\/\/www.asso-unil.ch\/lecabanon\/wp-json\/wp\/v2\/posts\/296\/revisions"}],"wp:featuredmedia":[{"embeddable":true,"href":"https:\/\/www.asso-unil.ch\/lecabanon\/wp-json\/wp\/v2\/media\/1024"}],"wp:attachment":[{"href":"https:\/\/www.asso-unil.ch\/lecabanon\/wp-json\/wp\/v2\/media?parent=296"}],"wp:term":[{"taxonomy":"category","embeddable":true,"href":"https:\/\/www.asso-unil.ch\/lecabanon\/wp-json\/wp\/v2\/categories?post=296"},{"taxonomy":"post_tag","embeddable":true,"href":"https:\/\/www.asso-unil.ch\/lecabanon\/wp-json\/wp\/v2\/tags?post=296"}],"curies":[{"name":"wp","href":"https:\/\/api.w.org\/{rel}","templated":true}]}}