{"id":290,"date":"2018-05-31T08:00:00","date_gmt":"2018-05-31T06:00:00","guid":{"rendered":"https:\/\/www.asso-unil.ch\/lecabanon\/?p=290"},"modified":"2023-03-21T21:34:37","modified_gmt":"2023-03-21T20:34:37","slug":"le-plus-profond-cest-la-peau-19-04-31-05-2018","status":"publish","type":"post","link":"https:\/\/www.asso-unil.ch\/lecabanon\/2018\/05\/le-plus-profond-cest-la-peau-19-04-31-05-2018\/","title":{"rendered":"Le plus profond c&rsquo;est la peau (19.04 &#8211; 31.05.2018)"},"content":{"rendered":"\n<h2 class=\"has-large-font-size wp-block-heading\">Artistes : Lucie Cellier, Natacha Todeschini, Carine Chrast, Sara Faustino, Jessica Voelke et Maria, Fernanda Ordo\u00f1ez.<br>Commisariat : Clarissa Fornara<\/h2>\n\n\n\n<p>Le plus profond, c\u2019est la peau s\u2019inspire de L\u2019id\u00e9e fixe, un dialogue de Paul Val\u00e9ry o\u00f9 l\u2019impossibilit\u00e9 d\u2019inscrire une id\u00e9e en raison de sa nature instable et furtive devient le fil rouge de l\u2019ouvrage. C\u2019est cette nature instable d\u2019une repr\u00e9sentation, nos sens et notre perception, que Lucie Cellier, Natacha Todeschini, Carine Chrast, Sara Faustino, Jessica Voelke et Maria<br>Fernanda Ordo\u00f1ez essaient d\u2019interroger dans l\u2019espace du Cabanon. La perception devient un outil pour lire les \u0153uvres qui se d\u00e9ploient dans l\u2019espace. Elles offrent une multiplicit\u00e9 de points de vue au public ; notre perception affectant l\u2019image et la lecture que l\u2019on peut avoir de ces objets. Les artistes cherchent, avec Le plus profond, c\u2019est la peau,\u00e0 interroger l\u2019id\u00e9e de multiplicit\u00e9 et de pluralit\u00e9 de lectures, d\u2019un sens absolu, de notre relation aux images et \u00e0 la r\u00e9alit\u00e9. L\u2019exposition laisse libre cours \u00e0 l\u2019interpr\u00e9tation du spectateur en tant que sujet. Cette proposition a pour intention de converger les informations \u00e9manant des \u0153uvres d\u2019une part, et de l\u2019exp\u00e9rience du visiteur d\u2019autre part. Si, comme dit Sartre, le \u00ab su \u00bb impose au \u00ab per\u00e7u \u00bb, il est impossible d\u2019\u00eatre totalement neutre face \u00e0 une \u0153uvre d\u2019art. Les travaux qui se d\u00e9ploient dans l\u2019espace du Cabanon cherchent ainsi non seulement \u00e0 souligner la complexit\u00e9 de la perception mais aussi \u00e0 cr\u00e9er le dialogue chez le spectateur. MOTS-NUMENT, \u0153uvre collective, invite le spectateur \u00e0 s\u2019exprimer sur le papier mis \u00e0 disposition, et ainsi offrir une impression, un point de vue, en glissant sa perception des travaux dans l\u2019urne qui restera pr\u00e9sente pendant toute la dur\u00e9e de l\u2019exposition.<\/p>\n\n\n\n<p>Pour le graphisme du semestre, une carte blanche a \u00e9t\u00e9 confi\u00e9e \u00e0 Tina Gabriel, \u00e9tudiante \u00e0 l\u2019ECAL.<\/p>\n\n\n\n<p><strong>19 avril 2018<\/strong> Vernissage <\/p>\n\n\n\n<p><strong>03 mai 2018<\/strong> Visite guid\u00e9e <br>Avec la pr\u00e9sence des artistes et de la commissaire. <\/p>\n\n\n\n<p><strong>17 mai 2018<\/strong> Soir\u00e9e projection <br>Projection sur deux courts-m\u00e9trages par Dan Graham. Avec l&rsquo;intervention de Jean-Micheal Baconnier. En collaboration avec l&rsquo;Association Trafic. <br>Lieux : Trafic Home-cin\u00e9ma. <\/p>\n\n\n\n<p><strong>31 mai 2018<\/strong> Finissage <\/p>\n\n\n\n<div class=\"wp-block-columns is-layout-flex wp-container-core-columns-is-layout-9d6595d7 wp-block-columns-is-layout-flex\">\n<div class=\"wp-block-column is-layout-flow wp-block-column-is-layout-flow\">\n<figure class=\"wp-block-image size-large\"><img alt=\"\" loading=\"lazy\" decoding=\"async\" width=\"1024\" height=\"683\" src=\"https:\/\/www.asso-unil.ch\/lecabanon\/files\/2018\/05\/8-1024x683.jpg\" alt=\"\" class=\"wp-image-699\" srcset=\"https:\/\/www.asso-unil.ch\/lecabanon\/files\/2018\/05\/8-1024x683.jpg 1024w, https:\/\/www.asso-unil.ch\/lecabanon\/files\/2018\/05\/8-300x200.jpg 300w, https:\/\/www.asso-unil.ch\/lecabanon\/files\/2018\/05\/8-768x512.jpg 768w, https:\/\/www.asso-unil.ch\/lecabanon\/files\/2018\/05\/8-1536x1024.jpg 1536w, https:\/\/www.asso-unil.ch\/lecabanon\/files\/2018\/05\/8-540x360.jpg 540w, https:\/\/www.asso-unil.ch\/lecabanon\/files\/2018\/05\/8-1080x720.jpg 1080w, https:\/\/www.asso-unil.ch\/lecabanon\/files\/2018\/05\/8.jpg 1800w\" sizes=\"auto, (max-width: 1024px) 100vw, 1024px\" \/><\/figure>\n\n\n\n<figure class=\"wp-block-image size-large\"><img alt=\"\" loading=\"lazy\" decoding=\"async\" width=\"1024\" height=\"683\" src=\"https:\/\/www.asso-unil.ch\/lecabanon\/files\/2018\/05\/11-1024x683.jpg\" alt=\"\" class=\"wp-image-700\" srcset=\"https:\/\/www.asso-unil.ch\/lecabanon\/files\/2018\/05\/11-1024x683.jpg 1024w, https:\/\/www.asso-unil.ch\/lecabanon\/files\/2018\/05\/11-300x200.jpg 300w, https:\/\/www.asso-unil.ch\/lecabanon\/files\/2018\/05\/11-768x512.jpg 768w, https:\/\/www.asso-unil.ch\/lecabanon\/files\/2018\/05\/11-1536x1024.jpg 1536w, https:\/\/www.asso-unil.ch\/lecabanon\/files\/2018\/05\/11-540x360.jpg 540w, https:\/\/www.asso-unil.ch\/lecabanon\/files\/2018\/05\/11-1080x720.jpg 1080w, https:\/\/www.asso-unil.ch\/lecabanon\/files\/2018\/05\/11.jpg 1800w\" sizes=\"auto, (max-width: 1024px) 100vw, 1024px\" \/><\/figure>\n\n\n\n<figure class=\"wp-block-image size-large\"><img alt=\"\" loading=\"lazy\" decoding=\"async\" width=\"1024\" height=\"683\" src=\"https:\/\/www.asso-unil.ch\/lecabanon\/files\/2018\/05\/DSC_0029-1024x683.jpg\" alt=\"\" class=\"wp-image-703\" srcset=\"https:\/\/www.asso-unil.ch\/lecabanon\/files\/2018\/05\/DSC_0029-1024x683.jpg 1024w, https:\/\/www.asso-unil.ch\/lecabanon\/files\/2018\/05\/DSC_0029-300x200.jpg 300w, https:\/\/www.asso-unil.ch\/lecabanon\/files\/2018\/05\/DSC_0029-768x512.jpg 768w, https:\/\/www.asso-unil.ch\/lecabanon\/files\/2018\/05\/DSC_0029-1536x1024.jpg 1536w, https:\/\/www.asso-unil.ch\/lecabanon\/files\/2018\/05\/DSC_0029-540x360.jpg 540w, https:\/\/www.asso-unil.ch\/lecabanon\/files\/2018\/05\/DSC_0029-1080x720.jpg 1080w, https:\/\/www.asso-unil.ch\/lecabanon\/files\/2018\/05\/DSC_0029.jpg 1800w\" sizes=\"auto, (max-width: 1024px) 100vw, 1024px\" \/><\/figure>\n<\/div>\n\n\n\n<div class=\"wp-block-column is-layout-flow wp-block-column-is-layout-flow\">\n<figure class=\"wp-block-image size-large\"><img alt=\"\" loading=\"lazy\" decoding=\"async\" width=\"1024\" height=\"683\" src=\"https:\/\/www.asso-unil.ch\/lecabanon\/files\/2018\/05\/23-1024x683.jpg\" alt=\"\" class=\"wp-image-698\" srcset=\"https:\/\/www.asso-unil.ch\/lecabanon\/files\/2018\/05\/23-1024x683.jpg 1024w, https:\/\/www.asso-unil.ch\/lecabanon\/files\/2018\/05\/23-300x200.jpg 300w, https:\/\/www.asso-unil.ch\/lecabanon\/files\/2018\/05\/23-768x512.jpg 768w, https:\/\/www.asso-unil.ch\/lecabanon\/files\/2018\/05\/23-1536x1024.jpg 1536w, https:\/\/www.asso-unil.ch\/lecabanon\/files\/2018\/05\/23-540x360.jpg 540w, https:\/\/www.asso-unil.ch\/lecabanon\/files\/2018\/05\/23-1080x720.jpg 1080w, https:\/\/www.asso-unil.ch\/lecabanon\/files\/2018\/05\/23.jpg 1800w\" sizes=\"auto, (max-width: 1024px) 100vw, 1024px\" \/><\/figure>\n\n\n\n<figure class=\"wp-block-image size-large\"><img alt=\"\" loading=\"lazy\" decoding=\"async\" width=\"1024\" height=\"683\" src=\"https:\/\/www.asso-unil.ch\/lecabanon\/files\/2018\/05\/15-1024x683.jpg\" alt=\"\" class=\"wp-image-701\" srcset=\"https:\/\/www.asso-unil.ch\/lecabanon\/files\/2018\/05\/15-1024x683.jpg 1024w, https:\/\/www.asso-unil.ch\/lecabanon\/files\/2018\/05\/15-300x200.jpg 300w, https:\/\/www.asso-unil.ch\/lecabanon\/files\/2018\/05\/15-768x512.jpg 768w, https:\/\/www.asso-unil.ch\/lecabanon\/files\/2018\/05\/15-1536x1024.jpg 1536w, https:\/\/www.asso-unil.ch\/lecabanon\/files\/2018\/05\/15-540x360.jpg 540w, https:\/\/www.asso-unil.ch\/lecabanon\/files\/2018\/05\/15-1080x720.jpg 1080w, https:\/\/www.asso-unil.ch\/lecabanon\/files\/2018\/05\/15.jpg 1800w\" sizes=\"auto, (max-width: 1024px) 100vw, 1024px\" \/><\/figure>\n\n\n\n<figure class=\"wp-block-image size-large\"><img alt=\"\" loading=\"lazy\" decoding=\"async\" width=\"1024\" height=\"683\" src=\"https:\/\/www.asso-unil.ch\/lecabanon\/files\/2018\/05\/17-1024x683.jpg\" alt=\"\" class=\"wp-image-702\" srcset=\"https:\/\/www.asso-unil.ch\/lecabanon\/files\/2018\/05\/17-1024x683.jpg 1024w, https:\/\/www.asso-unil.ch\/lecabanon\/files\/2018\/05\/17-300x200.jpg 300w, https:\/\/www.asso-unil.ch\/lecabanon\/files\/2018\/05\/17-768x512.jpg 768w, https:\/\/www.asso-unil.ch\/lecabanon\/files\/2018\/05\/17-1536x1024.jpg 1536w, https:\/\/www.asso-unil.ch\/lecabanon\/files\/2018\/05\/17-540x360.jpg 540w, https:\/\/www.asso-unil.ch\/lecabanon\/files\/2018\/05\/17-1080x720.jpg 1080w, https:\/\/www.asso-unil.ch\/lecabanon\/files\/2018\/05\/17.jpg 1800w\" sizes=\"auto, (max-width: 1024px) 100vw, 1024px\" \/><\/figure>\n<\/div>\n<\/div>\n\n\n\n<div class=\"wp-block-columns is-layout-flex wp-container-core-columns-is-layout-9d6595d7 wp-block-columns-is-layout-flex\">\n<div class=\"wp-block-column is-layout-flow wp-block-column-is-layout-flow\">\n<figure class=\"wp-block-image size-large\"><img alt=\"\" loading=\"lazy\" decoding=\"async\" width=\"683\" height=\"1024\" src=\"https:\/\/www.asso-unil.ch\/lecabanon\/files\/2018\/05\/10-683x1024.jpg\" alt=\"\" class=\"wp-image-705\" srcset=\"https:\/\/www.asso-unil.ch\/lecabanon\/files\/2018\/05\/10-683x1024.jpg 683w, https:\/\/www.asso-unil.ch\/lecabanon\/files\/2018\/05\/10-200x300.jpg 200w, https:\/\/www.asso-unil.ch\/lecabanon\/files\/2018\/05\/10-768x1152.jpg 768w, https:\/\/www.asso-unil.ch\/lecabanon\/files\/2018\/05\/10-540x810.jpg 540w, https:\/\/www.asso-unil.ch\/lecabanon\/files\/2018\/05\/10.jpg 800w\" sizes=\"auto, (max-width: 683px) 100vw, 683px\" \/><\/figure>\n<\/div>\n\n\n\n<div class=\"wp-block-column is-layout-flow wp-block-column-is-layout-flow\">\n<figure class=\"wp-block-image size-large\"><img alt=\"\" loading=\"lazy\" decoding=\"async\" width=\"683\" height=\"1024\" src=\"https:\/\/www.asso-unil.ch\/lecabanon\/files\/2018\/05\/30-683x1024.jpg\" alt=\"\" class=\"wp-image-696\" srcset=\"https:\/\/www.asso-unil.ch\/lecabanon\/files\/2018\/05\/30-683x1024.jpg 683w, https:\/\/www.asso-unil.ch\/lecabanon\/files\/2018\/05\/30-200x300.jpg 200w, https:\/\/www.asso-unil.ch\/lecabanon\/files\/2018\/05\/30-768x1152.jpg 768w, https:\/\/www.asso-unil.ch\/lecabanon\/files\/2018\/05\/30-540x810.jpg 540w, https:\/\/www.asso-unil.ch\/lecabanon\/files\/2018\/05\/30.jpg 800w\" sizes=\"auto, (max-width: 683px) 100vw, 683px\" \/><\/figure>\n<\/div>\n\n\n\n<div class=\"wp-block-column is-layout-flow wp-block-column-is-layout-flow\">\n<figure class=\"wp-block-image size-large\"><img alt=\"\" loading=\"lazy\" decoding=\"async\" width=\"684\" height=\"1024\" src=\"https:\/\/www.asso-unil.ch\/lecabanon\/files\/2018\/05\/21-684x1024.jpg\" alt=\"\" class=\"wp-image-695\" srcset=\"https:\/\/www.asso-unil.ch\/lecabanon\/files\/2018\/05\/21-684x1024.jpg 684w, https:\/\/www.asso-unil.ch\/lecabanon\/files\/2018\/05\/21-200x300.jpg 200w, https:\/\/www.asso-unil.ch\/lecabanon\/files\/2018\/05\/21-768x1151.jpg 768w, https:\/\/www.asso-unil.ch\/lecabanon\/files\/2018\/05\/21-540x809.jpg 540w, https:\/\/www.asso-unil.ch\/lecabanon\/files\/2018\/05\/21.jpg 801w\" sizes=\"auto, (max-width: 684px) 100vw, 684px\" \/><\/figure>\n<\/div>\n<\/div>\n\n\n\n<div class=\"wp-block-columns is-layout-flex wp-container-core-columns-is-layout-9d6595d7 wp-block-columns-is-layout-flex\">\n<div class=\"wp-block-column is-layout-flow wp-block-column-is-layout-flow\">\n<figure class=\"wp-block-image alignwide size-large\"><img alt=\"\" loading=\"lazy\" decoding=\"async\" width=\"1024\" height=\"683\" src=\"https:\/\/www.asso-unil.ch\/lecabanon\/files\/2018\/05\/2-1024x683.jpg\" alt=\"\" class=\"wp-image-730\" srcset=\"https:\/\/www.asso-unil.ch\/lecabanon\/files\/2018\/05\/2-1024x683.jpg 1024w, https:\/\/www.asso-unil.ch\/lecabanon\/files\/2018\/05\/2-300x200.jpg 300w, https:\/\/www.asso-unil.ch\/lecabanon\/files\/2018\/05\/2-768x512.jpg 768w, https:\/\/www.asso-unil.ch\/lecabanon\/files\/2018\/05\/2-1536x1024.jpg 1536w, https:\/\/www.asso-unil.ch\/lecabanon\/files\/2018\/05\/2-540x360.jpg 540w, https:\/\/www.asso-unil.ch\/lecabanon\/files\/2018\/05\/2-1080x720.jpg 1080w, https:\/\/www.asso-unil.ch\/lecabanon\/files\/2018\/05\/2.jpg 1800w\" sizes=\"auto, (max-width: 1024px) 100vw, 1024px\" \/><\/figure>\n<\/div>\n<\/div>\n","protected":false},"excerpt":{"rendered":"<p>Artistes : Lucie Cellier, Natacha Todeschini, Carine Chrast, Sara Faustino, Jessica Voelke et Maria, Fernanda Ordo\u00f1ez.Commisariat : Clarissa Fornara Le plus profond, c\u2019est la peau s\u2019inspire de L\u2019id\u00e9e&hellip;<\/p>\n","protected":false},"author":1001278,"featured_media":735,"comment_status":"closed","ping_status":"closed","sticky":false,"template":"template-full-width.php","format":"standard","meta":{"_seopress_robots_primary_cat":"","_seopress_titles_title":"","_seopress_titles_desc":"","_seopress_robots_index":"","footnotes":""},"categories":[1],"tags":[],"class_list":{"0":"post-290","1":"post","2":"type-post","3":"status-publish","4":"format-standard","5":"has-post-thumbnail","7":"category-expositions"},"_links":{"self":[{"href":"https:\/\/www.asso-unil.ch\/lecabanon\/wp-json\/wp\/v2\/posts\/290","targetHints":{"allow":["GET"]}}],"collection":[{"href":"https:\/\/www.asso-unil.ch\/lecabanon\/wp-json\/wp\/v2\/posts"}],"about":[{"href":"https:\/\/www.asso-unil.ch\/lecabanon\/wp-json\/wp\/v2\/types\/post"}],"author":[{"embeddable":true,"href":"https:\/\/www.asso-unil.ch\/lecabanon\/wp-json\/wp\/v2\/users\/1001278"}],"replies":[{"embeddable":true,"href":"https:\/\/www.asso-unil.ch\/lecabanon\/wp-json\/wp\/v2\/comments?post=290"}],"version-history":[{"count":0,"href":"https:\/\/www.asso-unil.ch\/lecabanon\/wp-json\/wp\/v2\/posts\/290\/revisions"}],"wp:featuredmedia":[{"embeddable":true,"href":"https:\/\/www.asso-unil.ch\/lecabanon\/wp-json\/wp\/v2\/media\/735"}],"wp:attachment":[{"href":"https:\/\/www.asso-unil.ch\/lecabanon\/wp-json\/wp\/v2\/media?parent=290"}],"wp:term":[{"taxonomy":"category","embeddable":true,"href":"https:\/\/www.asso-unil.ch\/lecabanon\/wp-json\/wp\/v2\/categories?post=290"},{"taxonomy":"post_tag","embeddable":true,"href":"https:\/\/www.asso-unil.ch\/lecabanon\/wp-json\/wp\/v2\/tags?post=290"}],"curies":[{"name":"wp","href":"https:\/\/api.w.org\/{rel}","templated":true}]}}