{"id":287,"date":"2018-02-19T08:00:00","date_gmt":"2018-02-19T07:00:00","guid":{"rendered":"https:\/\/www.asso-unil.ch\/lecabanon\/?p=287"},"modified":"2023-03-22T13:18:34","modified_gmt":"2023-03-22T12:18:34","slug":"pasticcio-19-02-04-03-18","status":"publish","type":"post","link":"https:\/\/www.asso-unil.ch\/lecabanon\/2018\/02\/pasticcio-19-02-04-03-18\/","title":{"rendered":"Pasticcio (19.02 &#8211; 04.03.2018)."},"content":{"rendered":"\n<h2 class=\"has-large-font-size wp-block-heading\">Artiste : Guillaume Pilet<br>Commissariat : P\u00f4le curatorial du Cabanon<\/h2>\n\n\n\n<p><strong>19<\/strong> <strong>f\u00e9vrier<\/strong> <strong>2018<\/strong> Vernissage<br>R\u00e9alisation d&rsquo;un fanzine avec Guillaume Pilet par les membres du Cabanon. En collaboration avec le mcb-a. <\/p>\n\n\n\n<p><strong>01 mars 2018<\/strong> Table Ronde.<br>Intitul\u00e9e \u00ab\u00a0Sur les traces de la performance\u00a0\u00bb. Intervenants : Madeleine Amlser, Sarah Burkhalter, Anne-Sylvie Henchoz et Julie Lang. Mod\u00e9ration par Eleonora Del Duca et Jean-Rodolophe Petter. <\/p>\n\n\n\n<div class=\"wp-block-columns is-layout-flex wp-container-core-columns-is-layout-9d6595d7 wp-block-columns-is-layout-flex\">\n<div class=\"wp-block-column is-layout-flow wp-block-column-is-layout-flow\">\n<figure class=\"wp-block-image size-large\"><img alt=\"\" loading=\"lazy\" decoding=\"async\" width=\"683\" height=\"1024\" src=\"https:\/\/www.asso-unil.ch\/lecabanon\/files\/2018\/02\/Le_Cabanon_Gohan_Keller_6-683x1024.jpg\" alt=\"\" class=\"wp-image-771\" srcset=\"https:\/\/www.asso-unil.ch\/lecabanon\/files\/2018\/02\/Le_Cabanon_Gohan_Keller_6-683x1024.jpg 683w, https:\/\/www.asso-unil.ch\/lecabanon\/files\/2018\/02\/Le_Cabanon_Gohan_Keller_6-200x300.jpg 200w, https:\/\/www.asso-unil.ch\/lecabanon\/files\/2018\/02\/Le_Cabanon_Gohan_Keller_6-768x1152.jpg 768w, https:\/\/www.asso-unil.ch\/lecabanon\/files\/2018\/02\/Le_Cabanon_Gohan_Keller_6-540x810.jpg 540w, https:\/\/www.asso-unil.ch\/lecabanon\/files\/2018\/02\/Le_Cabanon_Gohan_Keller_6.jpg 800w\" sizes=\"auto, (max-width: 683px) 100vw, 683px\" \/><\/figure>\n<\/div>\n\n\n\n<div class=\"wp-block-column is-layout-flow wp-block-column-is-layout-flow\">\n<figure class=\"wp-block-image size-large\"><img alt=\"\" loading=\"lazy\" decoding=\"async\" width=\"683\" height=\"1024\" src=\"https:\/\/www.asso-unil.ch\/lecabanon\/files\/2018\/02\/Le_Cabanon_Gohan_Keller_7-683x1024.jpg\" alt=\"\" class=\"wp-image-772\" srcset=\"https:\/\/www.asso-unil.ch\/lecabanon\/files\/2018\/02\/Le_Cabanon_Gohan_Keller_7-683x1024.jpg 683w, https:\/\/www.asso-unil.ch\/lecabanon\/files\/2018\/02\/Le_Cabanon_Gohan_Keller_7-200x300.jpg 200w, https:\/\/www.asso-unil.ch\/lecabanon\/files\/2018\/02\/Le_Cabanon_Gohan_Keller_7-768x1152.jpg 768w, https:\/\/www.asso-unil.ch\/lecabanon\/files\/2018\/02\/Le_Cabanon_Gohan_Keller_7-540x810.jpg 540w, https:\/\/www.asso-unil.ch\/lecabanon\/files\/2018\/02\/Le_Cabanon_Gohan_Keller_7.jpg 800w\" sizes=\"auto, (max-width: 683px) 100vw, 683px\" \/><\/figure>\n<\/div>\n\n\n\n<div class=\"wp-block-column is-layout-flow wp-block-column-is-layout-flow\">\n<figure class=\"wp-block-image size-large\"><img alt=\"\" loading=\"lazy\" decoding=\"async\" width=\"683\" height=\"1024\" src=\"https:\/\/www.asso-unil.ch\/lecabanon\/files\/2018\/02\/Le_Cabanon_Gohan_Keller_2-683x1024.jpg\" alt=\"\" class=\"wp-image-773\" srcset=\"https:\/\/www.asso-unil.ch\/lecabanon\/files\/2018\/02\/Le_Cabanon_Gohan_Keller_2-683x1024.jpg 683w, https:\/\/www.asso-unil.ch\/lecabanon\/files\/2018\/02\/Le_Cabanon_Gohan_Keller_2-200x300.jpg 200w, https:\/\/www.asso-unil.ch\/lecabanon\/files\/2018\/02\/Le_Cabanon_Gohan_Keller_2-768x1152.jpg 768w, https:\/\/www.asso-unil.ch\/lecabanon\/files\/2018\/02\/Le_Cabanon_Gohan_Keller_2-540x810.jpg 540w, https:\/\/www.asso-unil.ch\/lecabanon\/files\/2018\/02\/Le_Cabanon_Gohan_Keller_2.jpg 800w\" sizes=\"auto, (max-width: 683px) 100vw, 683px\" \/><\/figure>\n<\/div>\n<\/div>\n\n\n\n<div class=\"wp-block-columns is-layout-flex wp-container-core-columns-is-layout-9d6595d7 wp-block-columns-is-layout-flex\">\n<div class=\"wp-block-column is-layout-flow wp-block-column-is-layout-flow\">\n<figure class=\"wp-block-image size-large\"><img alt=\"\" loading=\"lazy\" decoding=\"async\" width=\"1024\" height=\"683\" src=\"https:\/\/www.asso-unil.ch\/lecabanon\/files\/2018\/02\/Le_Cabanon_Gohan_Keller_4-1024x683.jpg\" alt=\"\" class=\"wp-image-768\" srcset=\"https:\/\/www.asso-unil.ch\/lecabanon\/files\/2018\/02\/Le_Cabanon_Gohan_Keller_4-1024x683.jpg 1024w, https:\/\/www.asso-unil.ch\/lecabanon\/files\/2018\/02\/Le_Cabanon_Gohan_Keller_4-300x200.jpg 300w, https:\/\/www.asso-unil.ch\/lecabanon\/files\/2018\/02\/Le_Cabanon_Gohan_Keller_4-768x512.jpg 768w, https:\/\/www.asso-unil.ch\/lecabanon\/files\/2018\/02\/Le_Cabanon_Gohan_Keller_4-1536x1024.jpg 1536w, https:\/\/www.asso-unil.ch\/lecabanon\/files\/2018\/02\/Le_Cabanon_Gohan_Keller_4-540x360.jpg 540w, https:\/\/www.asso-unil.ch\/lecabanon\/files\/2018\/02\/Le_Cabanon_Gohan_Keller_4-1080x720.jpg 1080w, https:\/\/www.asso-unil.ch\/lecabanon\/files\/2018\/02\/Le_Cabanon_Gohan_Keller_4.jpg 1800w\" sizes=\"auto, (max-width: 1024px) 100vw, 1024px\" \/><\/figure>\n<\/div>\n\n\n\n<div class=\"wp-block-column is-layout-flow wp-block-column-is-layout-flow\">\n<figure class=\"wp-block-image size-large\"><img alt=\"\" loading=\"lazy\" decoding=\"async\" width=\"1024\" height=\"683\" src=\"https:\/\/www.asso-unil.ch\/lecabanon\/files\/2018\/02\/Le_Cabanon_Gohan_Keller_5-1024x683.jpg\" alt=\"\" class=\"wp-image-769\" srcset=\"https:\/\/www.asso-unil.ch\/lecabanon\/files\/2018\/02\/Le_Cabanon_Gohan_Keller_5-1024x683.jpg 1024w, https:\/\/www.asso-unil.ch\/lecabanon\/files\/2018\/02\/Le_Cabanon_Gohan_Keller_5-300x200.jpg 300w, https:\/\/www.asso-unil.ch\/lecabanon\/files\/2018\/02\/Le_Cabanon_Gohan_Keller_5-768x512.jpg 768w, https:\/\/www.asso-unil.ch\/lecabanon\/files\/2018\/02\/Le_Cabanon_Gohan_Keller_5-1536x1024.jpg 1536w, https:\/\/www.asso-unil.ch\/lecabanon\/files\/2018\/02\/Le_Cabanon_Gohan_Keller_5-540x360.jpg 540w, https:\/\/www.asso-unil.ch\/lecabanon\/files\/2018\/02\/Le_Cabanon_Gohan_Keller_5-1080x720.jpg 1080w, https:\/\/www.asso-unil.ch\/lecabanon\/files\/2018\/02\/Le_Cabanon_Gohan_Keller_5.jpg 1800w\" sizes=\"auto, (max-width: 1024px) 100vw, 1024px\" \/><\/figure>\n<\/div>\n<\/div>\n\n\n\n<div class=\"wp-block-columns is-layout-flex wp-container-core-columns-is-layout-9d6595d7 wp-block-columns-is-layout-flex\">\n<div class=\"wp-block-column is-layout-flow wp-block-column-is-layout-flow\">\n<figure class=\"wp-block-image size-large\"><img alt=\"\" loading=\"lazy\" decoding=\"async\" width=\"1024\" height=\"683\" src=\"https:\/\/www.asso-unil.ch\/lecabanon\/files\/2018\/02\/Le_Cabanon_Gohan_Keller_3-1024x683.jpg\" alt=\"\" class=\"wp-image-767\" srcset=\"https:\/\/www.asso-unil.ch\/lecabanon\/files\/2018\/02\/Le_Cabanon_Gohan_Keller_3-1024x683.jpg 1024w, https:\/\/www.asso-unil.ch\/lecabanon\/files\/2018\/02\/Le_Cabanon_Gohan_Keller_3-300x200.jpg 300w, https:\/\/www.asso-unil.ch\/lecabanon\/files\/2018\/02\/Le_Cabanon_Gohan_Keller_3-768x512.jpg 768w, https:\/\/www.asso-unil.ch\/lecabanon\/files\/2018\/02\/Le_Cabanon_Gohan_Keller_3-1536x1024.jpg 1536w, https:\/\/www.asso-unil.ch\/lecabanon\/files\/2018\/02\/Le_Cabanon_Gohan_Keller_3-540x360.jpg 540w, https:\/\/www.asso-unil.ch\/lecabanon\/files\/2018\/02\/Le_Cabanon_Gohan_Keller_3-1080x720.jpg 1080w, https:\/\/www.asso-unil.ch\/lecabanon\/files\/2018\/02\/Le_Cabanon_Gohan_Keller_3.jpg 1800w\" sizes=\"auto, (max-width: 1024px) 100vw, 1024px\" \/><\/figure>\n<\/div>\n<\/div>\n","protected":false},"excerpt":{"rendered":"<p>Artiste : Guillaume PiletCommissariat : P\u00f4le curatorial du Cabanon 19 f\u00e9vrier 2018 VernissageR\u00e9alisation d&rsquo;un fanzine avec Guillaume Pilet par les membres du Cabanon. En collaboration avec le mcb-a.&hellip;<\/p>\n","protected":false},"author":1001278,"featured_media":0,"comment_status":"closed","ping_status":"closed","sticky":false,"template":"template-full-width.php","format":"standard","meta":{"_seopress_robots_primary_cat":"","_seopress_titles_title":"","_seopress_titles_desc":"","_seopress_robots_index":"","footnotes":""},"categories":[1],"tags":[],"class_list":{"0":"post-287","1":"post","2":"type-post","3":"status-publish","4":"format-standard","5":"has-post-thumbnail","7":"category-expositions"},"_links":{"self":[{"href":"https:\/\/www.asso-unil.ch\/lecabanon\/wp-json\/wp\/v2\/posts\/287","targetHints":{"allow":["GET"]}}],"collection":[{"href":"https:\/\/www.asso-unil.ch\/lecabanon\/wp-json\/wp\/v2\/posts"}],"about":[{"href":"https:\/\/www.asso-unil.ch\/lecabanon\/wp-json\/wp\/v2\/types\/post"}],"author":[{"embeddable":true,"href":"https:\/\/www.asso-unil.ch\/lecabanon\/wp-json\/wp\/v2\/users\/1001278"}],"replies":[{"embeddable":true,"href":"https:\/\/www.asso-unil.ch\/lecabanon\/wp-json\/wp\/v2\/comments?post=287"}],"version-history":[{"count":0,"href":"https:\/\/www.asso-unil.ch\/lecabanon\/wp-json\/wp\/v2\/posts\/287\/revisions"}],"wp:attachment":[{"href":"https:\/\/www.asso-unil.ch\/lecabanon\/wp-json\/wp\/v2\/media?parent=287"}],"wp:term":[{"taxonomy":"category","embeddable":true,"href":"https:\/\/www.asso-unil.ch\/lecabanon\/wp-json\/wp\/v2\/categories?post=287"},{"taxonomy":"post_tag","embeddable":true,"href":"https:\/\/www.asso-unil.ch\/lecabanon\/wp-json\/wp\/v2\/tags?post=287"}],"curies":[{"name":"wp","href":"https:\/\/api.w.org\/{rel}","templated":true}]}}