{"id":274,"date":"2020-09-24T08:00:00","date_gmt":"2020-09-24T06:00:00","guid":{"rendered":"https:\/\/www.asso-unil.ch\/lecabanon\/?p=274"},"modified":"2023-03-21T21:29:43","modified_gmt":"2023-03-21T20:29:43","slug":"emergence-24-09-09-10-2020","status":"publish","type":"post","link":"https:\/\/www.asso-unil.ch\/lecabanon\/2020\/09\/emergence-24-09-09-10-2020\/","title":{"rendered":"Emergence (24.09 &#8211; 09.10.2020)."},"content":{"rendered":"\n<h2 class=\"has-large-font-size wp-block-heading\">Artiste : Hugo Terracol<\/h2>\n\n\n\n<p>La d\u00e9marche artistique d\u2019Hugo Terracol est le reflet d\u2019un parcours riche qui s\u2019abandonne \u00e0 l\u2019exploration d\u2019une exp\u00e9rience artistique m\u00e9ditative et sensible et propose une r\u00e9flexion sur la circulation des \u00e9l\u00e9ments qui r\u00e9gissent la nature et l\u2019espace. Sa formation d\u2019architecte lui permet de saisir les \u00e9l\u00e9ments qui constituent l\u2019harmonie spatiale : la lumi\u00e8re, les volumes, la cou-&nbsp;leur et la mati\u00e8re. A travers une s\u00e9lection d\u2019\u0153uvres r\u00e9alis\u00e9es \u00e0 l\u2019encre de Chine et \u00e0 la peinture \u00e0 l\u2019huile, l\u2019artiste initie un questionnement sur les liens qui nourrissent la relation entre art et architecture et propose un voyage sensoriel au c\u0153ur d\u2019une \u0153uvre perp\u00e9tuellement anim\u00e9e par des forces invisibles et impalpables contrastant avec l\u2019espace brut du Cabanon. Cette exposition permettra d\u2019ouvrir un dialogue entre ses \u0153uvres et l\u2019architecture du lieu qui les accueille, tout en exacerbant la par-&nbsp;ticularit\u00e9 de chacune d\u2019entre elles, et conduira les spectateurs et spectatrices \u00e0 \u00ab comprendre la place d\u00e9terminante de l\u2019harmonie dans la composition. \u00bb.<\/p>\n","protected":false},"excerpt":{"rendered":"<p>Artiste : Hugo Terracol La d\u00e9marche artistique d\u2019Hugo Terracol est le reflet d\u2019un parcours riche qui s\u2019abandonne \u00e0 l\u2019exploration d\u2019une exp\u00e9rience artistique m\u00e9ditative et sensible et propose une&hellip;<\/p>\n","protected":false},"author":1001278,"featured_media":530,"comment_status":"closed","ping_status":"closed","sticky":false,"template":"template-full-width.php","format":"standard","meta":{"_seopress_robots_primary_cat":"","_seopress_titles_title":"","_seopress_titles_desc":"","_seopress_robots_index":"","footnotes":""},"categories":[1],"tags":[],"class_list":{"0":"post-274","1":"post","2":"type-post","3":"status-publish","4":"format-standard","5":"has-post-thumbnail","7":"category-expositions"},"_links":{"self":[{"href":"https:\/\/www.asso-unil.ch\/lecabanon\/wp-json\/wp\/v2\/posts\/274","targetHints":{"allow":["GET"]}}],"collection":[{"href":"https:\/\/www.asso-unil.ch\/lecabanon\/wp-json\/wp\/v2\/posts"}],"about":[{"href":"https:\/\/www.asso-unil.ch\/lecabanon\/wp-json\/wp\/v2\/types\/post"}],"author":[{"embeddable":true,"href":"https:\/\/www.asso-unil.ch\/lecabanon\/wp-json\/wp\/v2\/users\/1001278"}],"replies":[{"embeddable":true,"href":"https:\/\/www.asso-unil.ch\/lecabanon\/wp-json\/wp\/v2\/comments?post=274"}],"version-history":[{"count":0,"href":"https:\/\/www.asso-unil.ch\/lecabanon\/wp-json\/wp\/v2\/posts\/274\/revisions"}],"wp:featuredmedia":[{"embeddable":true,"href":"https:\/\/www.asso-unil.ch\/lecabanon\/wp-json\/wp\/v2\/media\/530"}],"wp:attachment":[{"href":"https:\/\/www.asso-unil.ch\/lecabanon\/wp-json\/wp\/v2\/media?parent=274"}],"wp:term":[{"taxonomy":"category","embeddable":true,"href":"https:\/\/www.asso-unil.ch\/lecabanon\/wp-json\/wp\/v2\/categories?post=274"},{"taxonomy":"post_tag","embeddable":true,"href":"https:\/\/www.asso-unil.ch\/lecabanon\/wp-json\/wp\/v2\/tags?post=274"}],"curies":[{"name":"wp","href":"https:\/\/api.w.org\/{rel}","templated":true}]}}