{"id":268,"date":"2021-02-22T08:00:00","date_gmt":"2021-02-22T07:00:00","guid":{"rendered":"https:\/\/www.asso-unil.ch\/lecabanon\/?p=268"},"modified":"2023-03-21T21:28:55","modified_gmt":"2023-03-21T20:28:55","slug":"comatose-22-02-01-04-2021","status":"publish","type":"post","link":"https:\/\/www.asso-unil.ch\/lecabanon\/2021\/02\/comatose-22-02-01-04-2021\/","title":{"rendered":"Comatose (22.02 &#8211; 01.04.2021)."},"content":{"rendered":"\n<h2 class=\"has-large-font-size wp-block-heading\">Artiste : Nora Smith <br>Commissariat : P\u00f4le curatorial du Cabanon<\/h2>\n\n\n\n<p>Le travail&nbsp;de Nora Smith est \u00e9trangement complexe et enivrant et nous plonge dans un univers \u00e0 l\u2019onirisme color\u00e9 o\u00f9 se m\u00ealent les corps et les textures. Face \u00e0 ses \u0153uvres, l\u2019observateur\u00b7trice se retrouve confront\u00e9\u00b7x\u00b7e sans ambages \u00e0 des r\u00e9alit\u00e9s singuli\u00e8rement hypnotisantes. L\u2019exploration d\u2019une intimit\u00e9 sublim\u00e9e jalonne l\u2019\u0153uvre de l\u2019artiste et nous absorbe dans une n\u00e9buleuse o\u00f9 s\u2019harmonisent des objets et des cr\u00e9atures aux<br>formes troublantes.<br>En collaboration avec Arie Art Agency, le Cabanon vous propose une promenade envo\u00fbtante dans l\u2019univers de&nbsp;l\u2019artiste dont le travail \u00e9labore une r\u00e9flexion sur notre&nbsp;rapport au corps, sur les notions de biens\u00e9ance et de&nbsp;passivit\u00e9. De par la fluidit\u00e9 du textile sur lesquelles elles sont imprim\u00e9es, ces images, comme flottantes dans&nbsp;l\u2019espace du Cabanon, repr\u00e9sentent des \u00eatres merveilleu-&nbsp;sement difformes qui semblent soudainement venir \u00e0 la&nbsp;vie. En s\u2019animant, ces personnages invitent le\u00b7a specta- teur\u00b7trice \u00e0 d\u00e9couvrir une r\u00e9alit\u00e9 o\u00f9 corps et univers ne&nbsp;font qu\u2019un, dans une union sensuelle et intense.<\/p>\n\n\n\n<p>Ces oeuvres&nbsp;expos\u00e9es dans l\u2019espace du Cabanon&nbsp;nous confrontent aux \u00e9motions qui constituent la substan-&nbsp;tifique moelle de notre moi int\u00e9rieur. Cette promenade&nbsp;\u00e9mancipatrice vous invite \u00e0 d\u00e9couvrir un univers o\u00f9 les&nbsp;corps ne sont plus que de simples enveloppes humaines,&nbsp;mais des vecteurs de r\u00e9alit\u00e9s profondes<br>et parfois refoul\u00e9es.<\/p>\n\n\n\n<p><strong>22 f\u00e9vrier 2021 <\/strong>Vernissage <\/p>\n\n\n\n<p><strong>1er avril 2021<\/strong> Finissage <\/p>\n\n\n\n<p><\/p>\n","protected":false},"excerpt":{"rendered":"<p>Artiste : Nora Smith Commissariat : P\u00f4le curatorial du Cabanon Le travail&nbsp;de Nora Smith est \u00e9trangement complexe et enivrant et nous plonge dans un univers \u00e0 l\u2019onirisme color\u00e9&hellip;<\/p>\n","protected":false},"author":1001278,"featured_media":529,"comment_status":"closed","ping_status":"closed","sticky":false,"template":"template-full-width.php","format":"standard","meta":{"_seopress_robots_primary_cat":"","_seopress_titles_title":"","_seopress_titles_desc":"","_seopress_robots_index":"","footnotes":""},"categories":[1],"tags":[],"class_list":{"0":"post-268","1":"post","2":"type-post","3":"status-publish","4":"format-standard","5":"has-post-thumbnail","7":"category-expositions"},"_links":{"self":[{"href":"https:\/\/www.asso-unil.ch\/lecabanon\/wp-json\/wp\/v2\/posts\/268","targetHints":{"allow":["GET"]}}],"collection":[{"href":"https:\/\/www.asso-unil.ch\/lecabanon\/wp-json\/wp\/v2\/posts"}],"about":[{"href":"https:\/\/www.asso-unil.ch\/lecabanon\/wp-json\/wp\/v2\/types\/post"}],"author":[{"embeddable":true,"href":"https:\/\/www.asso-unil.ch\/lecabanon\/wp-json\/wp\/v2\/users\/1001278"}],"replies":[{"embeddable":true,"href":"https:\/\/www.asso-unil.ch\/lecabanon\/wp-json\/wp\/v2\/comments?post=268"}],"version-history":[{"count":0,"href":"https:\/\/www.asso-unil.ch\/lecabanon\/wp-json\/wp\/v2\/posts\/268\/revisions"}],"wp:featuredmedia":[{"embeddable":true,"href":"https:\/\/www.asso-unil.ch\/lecabanon\/wp-json\/wp\/v2\/media\/529"}],"wp:attachment":[{"href":"https:\/\/www.asso-unil.ch\/lecabanon\/wp-json\/wp\/v2\/media?parent=268"}],"wp:term":[{"taxonomy":"category","embeddable":true,"href":"https:\/\/www.asso-unil.ch\/lecabanon\/wp-json\/wp\/v2\/categories?post=268"},{"taxonomy":"post_tag","embeddable":true,"href":"https:\/\/www.asso-unil.ch\/lecabanon\/wp-json\/wp\/v2\/tags?post=268"}],"curies":[{"name":"wp","href":"https:\/\/api.w.org\/{rel}","templated":true}]}}