{"id":259,"date":"2021-04-12T08:00:00","date_gmt":"2021-04-12T06:00:00","guid":{"rendered":"https:\/\/www.asso-unil.ch\/lecabanon\/?p=259"},"modified":"2023-03-22T13:18:18","modified_gmt":"2023-03-22T12:18:18","slug":"etre-collectif-12-04-03-06-21","status":"publish","type":"post","link":"https:\/\/www.asso-unil.ch\/lecabanon\/2021\/04\/etre-collectif-12-04-03-06-21\/","title":{"rendered":"\u00catre collectif (12.04 &#8211; 03.06.2021)."},"content":{"rendered":"\n<h2 class=\"has-large-font-size wp-block-heading\"><strong>Artistes <\/strong>: Collectif JocJonJosch (Jocelyn Marchington, Jonathan Brantschen et Joschi Herczeg)<br><strong>Commissariat <\/strong>: Tiago Dosantos Morais<\/h2>\n\n\n\n<p>Sous le nom de JocJonJosch, Jocelyn Marchington, Jonathan Brantschen et Joschi Herczeg ont fait le choix du collectif. Si ce dernier appara\u00eet comme le lieu id\u00e9al o\u00f9 le multiple peut devenir un, les trois artistes cherchent au contraire \u00e0 en montrer les limites. En abordant la dynamique m\u00eame de leur collectif, ils interrogent la nature, les conditions de possibilit\u00e9 et la p\u00e9rennit\u00e9 de ce mod\u00e8le d\u2019\u00eatre ensemble. Au travers d\u2019absurdes dis- positifs performatifs, ils rejouent perp\u00e9tuellement leurs propres hypoth\u00e8ses jusqu\u2019\u00e0 l\u2019\u00e9puisement, un \u00e9tat qui dit pourtant bien quelque chose de nos rapports \u00e0 l\u2019autre.<\/p>\n\n\n\n<p>Comment fonder une identit\u00e9 commune ? Comment envisager le travail de groupe ? Comment construire une m\u00e9moire collective ? Ce sont l\u00e0 autant de probl\u00e9matique et d\u2019enjeux que la pratique de JocJonJosch suscite avec s\u00e9rieux, humour et, parfois m\u00eame, avec douleur. Cette sensibilit\u00e9 plastique, sinon conceptuelle, pour la dimension collective des notions d\u2019identit\u00e9, de travail et de m\u00e9moire invite \u00e0 nous demander ce qu\u2019on entend par \u00ab collectif \u00bb et ce qu\u2019on en attend : une simple somme d\u2019\u00eatres atomis\u00e9s ou quelque chose de plus, comme une sorte d\u2019entit\u00e9 nouvelle qui transcende les individualit\u00e9s. En pr\u00e9sentant une s\u00e9rie d\u2019\u0153uvres vid\u00e9ographiques dans l\u2019espace du Cabanon et quelques photographiques sur le site des Lettres de l\u2019Universit\u00e9 de Lausanne, deux institutions dont les essences fonda- mentales reposent sur le vivre ensemble, l\u2019exposition est l\u2019occasion de r\u00e9fl\u00e9chir \u00e0 ceux qui nous resemblent et \u00e0 ce qui nous rassemblent.<\/p>\n\n\n\n<p>En raison COVID-19, l&rsquo;ensemble des \u00e9v\u00e8nements de l&rsquo;exposition<em> \u00catre collectif<\/em> ont \u00e9t\u00e9 annul\u00e9s. <\/p>\n\n\n\n<p><\/p>\n","protected":false},"excerpt":{"rendered":"<p>Artistes : Collectif JocJonJosch (Jocelyn Marchington, Jonathan Brantschen et Joschi Herczeg)Commissariat : Tiago Dosantos Morais Sous le nom de JocJonJosch, Jocelyn Marchington, Jonathan Brantschen et Joschi Herczeg ont&hellip;<\/p>\n","protected":false},"author":1001278,"featured_media":525,"comment_status":"closed","ping_status":"closed","sticky":false,"template":"template-full-width.php","format":"standard","meta":{"_seopress_robots_primary_cat":"","_seopress_titles_title":"","_seopress_titles_desc":"","_seopress_robots_index":"","footnotes":""},"categories":[1],"tags":[],"class_list":{"0":"post-259","1":"post","2":"type-post","3":"status-publish","4":"format-standard","5":"has-post-thumbnail","7":"category-expositions"},"_links":{"self":[{"href":"https:\/\/www.asso-unil.ch\/lecabanon\/wp-json\/wp\/v2\/posts\/259","targetHints":{"allow":["GET"]}}],"collection":[{"href":"https:\/\/www.asso-unil.ch\/lecabanon\/wp-json\/wp\/v2\/posts"}],"about":[{"href":"https:\/\/www.asso-unil.ch\/lecabanon\/wp-json\/wp\/v2\/types\/post"}],"author":[{"embeddable":true,"href":"https:\/\/www.asso-unil.ch\/lecabanon\/wp-json\/wp\/v2\/users\/1001278"}],"replies":[{"embeddable":true,"href":"https:\/\/www.asso-unil.ch\/lecabanon\/wp-json\/wp\/v2\/comments?post=259"}],"version-history":[{"count":0,"href":"https:\/\/www.asso-unil.ch\/lecabanon\/wp-json\/wp\/v2\/posts\/259\/revisions"}],"wp:featuredmedia":[{"embeddable":true,"href":"https:\/\/www.asso-unil.ch\/lecabanon\/wp-json\/wp\/v2\/media\/525"}],"wp:attachment":[{"href":"https:\/\/www.asso-unil.ch\/lecabanon\/wp-json\/wp\/v2\/media?parent=259"}],"wp:term":[{"taxonomy":"category","embeddable":true,"href":"https:\/\/www.asso-unil.ch\/lecabanon\/wp-json\/wp\/v2\/categories?post=259"},{"taxonomy":"post_tag","embeddable":true,"href":"https:\/\/www.asso-unil.ch\/lecabanon\/wp-json\/wp\/v2\/tags?post=259"}],"curies":[{"name":"wp","href":"https:\/\/api.w.org\/{rel}","templated":true}]}}