{"id":1216,"date":"2018-04-09T09:00:00","date_gmt":"2018-04-09T07:00:00","guid":{"rendered":"https:\/\/www.asso-unil.ch\/lecabanon\/?p=1216"},"modified":"2023-03-22T20:33:04","modified_gmt":"2023-03-22T19:33:04","slug":"traverse-the-cabanon-project-ii","status":"publish","type":"post","link":"https:\/\/www.asso-unil.ch\/lecabanon\/2018\/04\/traverse-the-cabanon-project-ii\/","title":{"rendered":"Traverse Pavillon \u2013 The Cabanon Project II"},"content":{"rendered":"\n<p><strong>09 avril 2018<\/strong> Jury Day <br>Francesca Bariviera Roger Boltshauser Karsten F\u00f6dinger, Steffen Marx, Friederike Meyer, Sonja Nagel, Kornelia Imesch Oechslin et Jean-Rodolphe Petter<\/p>\n\n\n\n<p><strong>01 juin 2018<\/strong> Inauguration de Traverse Pavilion<br>Avec la pr\u00e9sence de Giulia Altarelli, Francesca Bariviera, Karsten F\u00f6dinger, Martin Fr\u00f6hlich et Jean-Rodolphe Petter<\/p>\n\n\n\n<div class=\"wp-block-columns is-layout-flex wp-container-core-columns-is-layout-9d6595d7 wp-block-columns-is-layout-flex\">\n<div class=\"wp-block-column is-layout-flow wp-block-column-is-layout-flow\">\n<figure class=\"wp-block-image size-large\"><img alt=\"\" loading=\"lazy\" decoding=\"async\" width=\"1024\" height=\"683\" src=\"https:\/\/www.asso-unil.ch\/lecabanon\/files\/2023\/03\/\u00a9Basil-Merz8-1024x683.jpg\" alt=\"\" class=\"wp-image-1219\" srcset=\"https:\/\/www.asso-unil.ch\/lecabanon\/files\/2023\/03\/\u00a9Basil-Merz8-1024x683.jpg 1024w, https:\/\/www.asso-unil.ch\/lecabanon\/files\/2023\/03\/\u00a9Basil-Merz8-300x200.jpg 300w, https:\/\/www.asso-unil.ch\/lecabanon\/files\/2023\/03\/\u00a9Basil-Merz8-768x512.jpg 768w, https:\/\/www.asso-unil.ch\/lecabanon\/files\/2023\/03\/\u00a9Basil-Merz8-1536x1024.jpg 1536w, https:\/\/www.asso-unil.ch\/lecabanon\/files\/2023\/03\/\u00a9Basil-Merz8-540x360.jpg 540w, https:\/\/www.asso-unil.ch\/lecabanon\/files\/2023\/03\/\u00a9Basil-Merz8-1080x720.jpg 1080w, https:\/\/www.asso-unil.ch\/lecabanon\/files\/2023\/03\/\u00a9Basil-Merz8.jpg 1800w\" sizes=\"auto, (max-width: 1024px) 100vw, 1024px\" \/><\/figure>\n<\/div>\n\n\n\n<div class=\"wp-block-column is-layout-flow wp-block-column-is-layout-flow\">\n<figure class=\"wp-block-image size-large\"><img alt=\"\" loading=\"lazy\" decoding=\"async\" width=\"1024\" height=\"683\" src=\"https:\/\/www.asso-unil.ch\/lecabanon\/files\/2023\/03\/\u00a9Basil-Merz5-1024x683.jpg\" alt=\"\" class=\"wp-image-1220\" srcset=\"https:\/\/www.asso-unil.ch\/lecabanon\/files\/2023\/03\/\u00a9Basil-Merz5-1024x683.jpg 1024w, https:\/\/www.asso-unil.ch\/lecabanon\/files\/2023\/03\/\u00a9Basil-Merz5-300x200.jpg 300w, https:\/\/www.asso-unil.ch\/lecabanon\/files\/2023\/03\/\u00a9Basil-Merz5-768x512.jpg 768w, https:\/\/www.asso-unil.ch\/lecabanon\/files\/2023\/03\/\u00a9Basil-Merz5-1536x1024.jpg 1536w, https:\/\/www.asso-unil.ch\/lecabanon\/files\/2023\/03\/\u00a9Basil-Merz5-540x360.jpg 540w, https:\/\/www.asso-unil.ch\/lecabanon\/files\/2023\/03\/\u00a9Basil-Merz5-1080x720.jpg 1080w, https:\/\/www.asso-unil.ch\/lecabanon\/files\/2023\/03\/\u00a9Basil-Merz5.jpg 1800w\" sizes=\"auto, (max-width: 1024px) 100vw, 1024px\" \/><\/figure>\n<\/div>\n\n\n\n<div class=\"wp-block-column is-layout-flow wp-block-column-is-layout-flow\">\n<figure class=\"wp-block-image size-large\"><img alt=\"\" loading=\"lazy\" decoding=\"async\" width=\"1024\" height=\"683\" src=\"https:\/\/www.asso-unil.ch\/lecabanon\/files\/2023\/03\/\u00a9Basil-Merz11-1024x683.jpg\" alt=\"\" class=\"wp-image-1221\" srcset=\"https:\/\/www.asso-unil.ch\/lecabanon\/files\/2023\/03\/\u00a9Basil-Merz11-1024x683.jpg 1024w, https:\/\/www.asso-unil.ch\/lecabanon\/files\/2023\/03\/\u00a9Basil-Merz11-300x200.jpg 300w, https:\/\/www.asso-unil.ch\/lecabanon\/files\/2023\/03\/\u00a9Basil-Merz11-768x512.jpg 768w, https:\/\/www.asso-unil.ch\/lecabanon\/files\/2023\/03\/\u00a9Basil-Merz11-1536x1024.jpg 1536w, https:\/\/www.asso-unil.ch\/lecabanon\/files\/2023\/03\/\u00a9Basil-Merz11-540x360.jpg 540w, https:\/\/www.asso-unil.ch\/lecabanon\/files\/2023\/03\/\u00a9Basil-Merz11-1080x720.jpg 1080w, https:\/\/www.asso-unil.ch\/lecabanon\/files\/2023\/03\/\u00a9Basil-Merz11.jpg 1800w\" sizes=\"auto, (max-width: 1024px) 100vw, 1024px\" \/><\/figure>\n<\/div>\n<\/div>\n\n\n\n<p class=\"has-normal-font-size\"><strong>Circuit &amp; LE FREISTILMUSEUM (<strong>Vernissage<\/strong><\/strong> <strong>28.09.2018)<\/strong><br>Une exposition par l&rsquo;artiste LE FREISTILMUSEUM<br>Commissariat par Jean-Rodolphe Petter et Circuit, invit\u00e9s par le p\u00f4le curatorial.<br>Un \u00e9v\u00e8nement en collaboration avec Circuit.<br>Vernissage en pr\u00e9sence de l&rsquo;artiste et des organisations <\/p>\n\n\n\n<div class=\"wp-block-columns is-layout-flex wp-container-core-columns-is-layout-9d6595d7 wp-block-columns-is-layout-flex\">\n<div class=\"wp-block-column is-layout-flow wp-block-column-is-layout-flow\">\n<figure class=\"wp-block-image size-large\"><img alt=\"\" loading=\"lazy\" decoding=\"async\" width=\"1024\" height=\"742\" src=\"https:\/\/www.asso-unil.ch\/lecabanon\/files\/2018\/04\/18_09_circuit_cabanon_freistill16443_3-1024x742.jpg\" alt=\"\" class=\"wp-image-1247\" srcset=\"https:\/\/www.asso-unil.ch\/lecabanon\/files\/2018\/04\/18_09_circuit_cabanon_freistill16443_3-1024x742.jpg 1024w, https:\/\/www.asso-unil.ch\/lecabanon\/files\/2018\/04\/18_09_circuit_cabanon_freistill16443_3-300x217.jpg 300w, https:\/\/www.asso-unil.ch\/lecabanon\/files\/2018\/04\/18_09_circuit_cabanon_freistill16443_3-768x556.jpg 768w, https:\/\/www.asso-unil.ch\/lecabanon\/files\/2018\/04\/18_09_circuit_cabanon_freistill16443_3-1536x1112.jpg 1536w, https:\/\/www.asso-unil.ch\/lecabanon\/files\/2018\/04\/18_09_circuit_cabanon_freistill16443_3-540x391.jpg 540w, https:\/\/www.asso-unil.ch\/lecabanon\/files\/2018\/04\/18_09_circuit_cabanon_freistill16443_3-1080x782.jpg 1080w, https:\/\/www.asso-unil.ch\/lecabanon\/files\/2018\/04\/18_09_circuit_cabanon_freistill16443_3.jpg 1657w\" sizes=\"auto, (max-width: 1024px) 100vw, 1024px\" \/><\/figure>\n<\/div>\n\n\n\n<div class=\"wp-block-column is-layout-flow wp-block-column-is-layout-flow\">\n<figure class=\"wp-block-image size-large\"><img alt=\"\" loading=\"lazy\" decoding=\"async\" width=\"1024\" height=\"737\" src=\"https:\/\/www.asso-unil.ch\/lecabanon\/files\/2018\/04\/18_09_circuit_cabanon_freistill16458_1-1024x737.jpg\" alt=\"\" class=\"wp-image-1248\" srcset=\"https:\/\/www.asso-unil.ch\/lecabanon\/files\/2018\/04\/18_09_circuit_cabanon_freistill16458_1-1024x737.jpg 1024w, https:\/\/www.asso-unil.ch\/lecabanon\/files\/2018\/04\/18_09_circuit_cabanon_freistill16458_1-300x216.jpg 300w, https:\/\/www.asso-unil.ch\/lecabanon\/files\/2018\/04\/18_09_circuit_cabanon_freistill16458_1-768x553.jpg 768w, https:\/\/www.asso-unil.ch\/lecabanon\/files\/2018\/04\/18_09_circuit_cabanon_freistill16458_1-1536x1106.jpg 1536w, https:\/\/www.asso-unil.ch\/lecabanon\/files\/2018\/04\/18_09_circuit_cabanon_freistill16458_1-540x389.jpg 540w, https:\/\/www.asso-unil.ch\/lecabanon\/files\/2018\/04\/18_09_circuit_cabanon_freistill16458_1-1080x777.jpg 1080w, https:\/\/www.asso-unil.ch\/lecabanon\/files\/2018\/04\/18_09_circuit_cabanon_freistill16458_1.jpg 1667w\" sizes=\"auto, (max-width: 1024px) 100vw, 1024px\" \/><\/figure>\n<\/div>\n\n\n\n<div class=\"wp-block-column is-layout-flow wp-block-column-is-layout-flow\">\n<figure class=\"wp-block-image size-large\"><img alt=\"\" loading=\"lazy\" decoding=\"async\" width=\"1024\" height=\"737\" src=\"https:\/\/www.asso-unil.ch\/lecabanon\/files\/2018\/04\/18_09_circuit_cabanon_freistill16502_1-1024x737.jpg\" alt=\"\" class=\"wp-image-1249\" srcset=\"https:\/\/www.asso-unil.ch\/lecabanon\/files\/2018\/04\/18_09_circuit_cabanon_freistill16502_1-1024x737.jpg 1024w, https:\/\/www.asso-unil.ch\/lecabanon\/files\/2018\/04\/18_09_circuit_cabanon_freistill16502_1-300x216.jpg 300w, https:\/\/www.asso-unil.ch\/lecabanon\/files\/2018\/04\/18_09_circuit_cabanon_freistill16502_1-768x553.jpg 768w, https:\/\/www.asso-unil.ch\/lecabanon\/files\/2018\/04\/18_09_circuit_cabanon_freistill16502_1-1536x1106.jpg 1536w, https:\/\/www.asso-unil.ch\/lecabanon\/files\/2018\/04\/18_09_circuit_cabanon_freistill16502_1-540x389.jpg 540w, https:\/\/www.asso-unil.ch\/lecabanon\/files\/2018\/04\/18_09_circuit_cabanon_freistill16502_1-1080x777.jpg 1080w, https:\/\/www.asso-unil.ch\/lecabanon\/files\/2018\/04\/18_09_circuit_cabanon_freistill16502_1.jpg 1667w\" sizes=\"auto, (max-width: 1024px) 100vw, 1024px\" \/><\/figure>\n<\/div>\n<\/div>\n\n\n\n<p><strong>Simon Deppierraz (<strong>Vernissage<\/strong><\/strong> <strong>15.10.18)<\/strong><br>Une exposition par l&rsquo;artiste Simon Deppierraz<br>Commissariat par le p\u00f4le curatorial du Laboratoire EAST-EPFL <br>Vernissage en pr\u00e9sence de l&rsquo;artiste et des organisations <br><\/p>\n\n\n\n<p>Le travail de Deppierraz s\u2019inscrit dans un int\u00e9r\u00eat pour les dualit\u00e9s, pour l\u2019\u00e9quilibre entre forces oppos\u00e9es et pour les syst\u00e8mes structu- rels. Au cours du proces- sus initial de cr\u00e9ation, l\u2019id\u00e9e sous-jacente \u00e0 ses \u0153uvrespeut souvent \u00eatre identifi\u00e9e\u00a0au sein des domaines de la physique ou des lois et ph\u00e9- nom\u00e8nes optiques, comme la gravit\u00e9, le poids des corps et leur relation dans l\u2019espace-temps,ouencore les fr\u00e9quences cr\u00e9\u00e9es par\u00a0les effets optiques. Il d\u00e9ve- loppe ensuite ses travaux qui se d\u00e9clinent en impres- sions, dessins, sculptures et installations de grandes dimensions. Chacune de ses \u0153uvres est con\u00e7ue comme un syst\u00e8me de pr\u00e9cision caract\u00e9ris\u00e9 par une tension entre harmonie sta- tique et force \u00e9nerg\u00e9tique.<br>L\u2019all\u00e9gorie du temps suspendu, du gel de l\u2019instant avant l\u2019effondrement,\u00a0sont des aspects caract\u00e9- ristiques de ses sculptures et installations. Les struc- tures, qui semblent tenir en suspension dans l\u2019air,\u00a0semblent d\u00e9fier les forces\u00a0de pesanteur. Quand on se d\u00e9place autour de ces \u0153uvres, elles changent constamment d\u2019aspect g\u00e9om\u00e9trique, ce qui r\u00e9v\u00e8le un autre aspect du travail de Deppierraz : le jeu avec\u00a0des effets optiques et avec\u00a0les erreurs de perception, que l\u2019on retrouve \u00e9galement dans ses dessins et impressions.<\/p>\n\n\n\n<div class=\"wp-block-columns is-layout-flex wp-container-core-columns-is-layout-9d6595d7 wp-block-columns-is-layout-flex\">\n<div class=\"wp-block-column is-layout-flow wp-block-column-is-layout-flow\">\n<figure class=\"wp-block-image size-large\"><img alt=\"\" loading=\"lazy\" decoding=\"async\" width=\"683\" height=\"1024\" src=\"https:\/\/www.asso-unil.ch\/lecabanon\/files\/2018\/04\/DSC9939-683x1024.jpg\" alt=\"\" class=\"wp-image-1242\" srcset=\"https:\/\/www.asso-unil.ch\/lecabanon\/files\/2018\/04\/DSC9939-683x1024.jpg 683w, https:\/\/www.asso-unil.ch\/lecabanon\/files\/2018\/04\/DSC9939-200x300.jpg 200w, https:\/\/www.asso-unil.ch\/lecabanon\/files\/2018\/04\/DSC9939-768x1152.jpg 768w, https:\/\/www.asso-unil.ch\/lecabanon\/files\/2018\/04\/DSC9939-540x810.jpg 540w, https:\/\/www.asso-unil.ch\/lecabanon\/files\/2018\/04\/DSC9939.jpg 800w\" sizes=\"auto, (max-width: 683px) 100vw, 683px\" \/><\/figure>\n<\/div>\n\n\n\n<div class=\"wp-block-column is-layout-flow wp-block-column-is-layout-flow\">\n<figure class=\"wp-block-image size-large\"><img alt=\"\" loading=\"lazy\" decoding=\"async\" width=\"684\" height=\"1024\" src=\"https:\/\/www.asso-unil.ch\/lecabanon\/files\/2018\/04\/DSC9969-684x1024.jpg\" alt=\"\" class=\"wp-image-1241\" srcset=\"https:\/\/www.asso-unil.ch\/lecabanon\/files\/2018\/04\/DSC9969-684x1024.jpg 684w, https:\/\/www.asso-unil.ch\/lecabanon\/files\/2018\/04\/DSC9969-200x300.jpg 200w, https:\/\/www.asso-unil.ch\/lecabanon\/files\/2018\/04\/DSC9969-768x1151.jpg 768w, https:\/\/www.asso-unil.ch\/lecabanon\/files\/2018\/04\/DSC9969-540x809.jpg 540w, https:\/\/www.asso-unil.ch\/lecabanon\/files\/2018\/04\/DSC9969.jpg 801w\" sizes=\"auto, (max-width: 684px) 100vw, 684px\" \/><\/figure>\n<\/div>\n\n\n\n<div class=\"wp-block-column is-layout-flow wp-block-column-is-layout-flow\">\n<figure class=\"wp-block-image size-large\"><img alt=\"\" loading=\"lazy\" decoding=\"async\" width=\"683\" height=\"1024\" src=\"https:\/\/www.asso-unil.ch\/lecabanon\/files\/2018\/04\/DSC9933-2-683x1024.jpg\" alt=\"\" class=\"wp-image-1245\" srcset=\"https:\/\/www.asso-unil.ch\/lecabanon\/files\/2018\/04\/DSC9933-2-683x1024.jpg 683w, https:\/\/www.asso-unil.ch\/lecabanon\/files\/2018\/04\/DSC9933-2-200x300.jpg 200w, https:\/\/www.asso-unil.ch\/lecabanon\/files\/2018\/04\/DSC9933-2-768x1152.jpg 768w, https:\/\/www.asso-unil.ch\/lecabanon\/files\/2018\/04\/DSC9933-2-540x810.jpg 540w, https:\/\/www.asso-unil.ch\/lecabanon\/files\/2018\/04\/DSC9933-2.jpg 800w\" sizes=\"auto, (max-width: 683px) 100vw, 683px\" \/><\/figure>\n<\/div>\n<\/div>\n\n\n\n<p><\/p>\n\n\n\n<p class=\"has-normal-font-size\"><strong>Natural History 1% (<strong>Vernissage<\/strong><\/strong> <strong>01.11.2018)<\/strong><br>Une exposition par l&rsquo;artiste Mathias Pfund.<br>Commissariat par le p\u00f4le curatorial Laboratoire EAST-EPFL<br>Vernissage en pr\u00e9sence de l&rsquo;artiste et des organisations <\/p>\n\n\n\n<p><em>Traverse\u00a0<\/em>est un projet p\u00e9dagogique de l\u2019<em>Ecole Polytechnique F\u00e9d\u00e9rale de Lausanne<\/em> men\u00e9 par les architectes Anja &amp; Martin Fr\u00f6hlich et des \u00e9tudiant.e.s de l\u2019<em>EAST\u00a0<\/em>(<em>Laboratory of Elementary Architecture and Studies of Type<\/em>) conjointement avec l\u2019asso- ciation pour l\u2019art contem- porain\u00a0<em>Le Cabanon<\/em>. Il s\u2019agit d\u2019un pavillon pens\u00e9 pour \u00eatre un espace d\u2019art en plein air r\u00e9alis\u00e9 \u00e0 par- tir d\u2019\u00e9l\u00e9ments recycl\u00e9s sur le site brutaliste d\u2019<em>Elanco<\/em>, r\u00e9cemment d\u00e9moli, \u00e0 Saint-Aubin. Ce complexe appartenait originellement \u00e0\u00a0<em>Novartis\u00a0<\/em>et \u00e9tait d\u00e9di\u00e9 \u00e0 la \u00ab branche v\u00e9t\u00e9rinaire \u00bb du groupe, soit \u00e0 de l\u2019exp\u00e9rimentation animale.<br>Partant de l\u2019\u00e9nonc\u00e9 du projet (une collaboration entre architectes et artistes), la proposition consiste en une intervention critique sur l\u2019architecture du pavillon, rejouant avec distance une strat\u00e9gie du\u00a0<em>1% culturel<\/em>. Celle-ci joue et n\u00e9gocie avec le contexte de l\u2019invitation tout en explorant et provoquant des tensions.<\/p>\n\n\n\n<div class=\"wp-block-columns is-layout-flex wp-container-core-columns-is-layout-9d6595d7 wp-block-columns-is-layout-flex\">\n<div class=\"wp-block-column is-layout-flow wp-block-column-is-layout-flow\">\n<figure class=\"wp-block-image size-large\"><img alt=\"\" loading=\"lazy\" decoding=\"async\" width=\"683\" height=\"1024\" src=\"https:\/\/www.asso-unil.ch\/lecabanon\/files\/2018\/04\/7-\u00a9ConstanceBrosse--683x1024.jpg\" alt=\"\" class=\"wp-image-1254\" srcset=\"https:\/\/www.asso-unil.ch\/lecabanon\/files\/2018\/04\/7-\u00a9ConstanceBrosse--683x1024.jpg 683w, https:\/\/www.asso-unil.ch\/lecabanon\/files\/2018\/04\/7-\u00a9ConstanceBrosse--200x300.jpg 200w, https:\/\/www.asso-unil.ch\/lecabanon\/files\/2018\/04\/7-\u00a9ConstanceBrosse--768x1152.jpg 768w, https:\/\/www.asso-unil.ch\/lecabanon\/files\/2018\/04\/7-\u00a9ConstanceBrosse--540x810.jpg 540w, https:\/\/www.asso-unil.ch\/lecabanon\/files\/2018\/04\/7-\u00a9ConstanceBrosse-.jpg 800w\" sizes=\"auto, (max-width: 683px) 100vw, 683px\" \/><\/figure>\n<\/div>\n\n\n\n<div class=\"wp-block-column is-layout-flow wp-block-column-is-layout-flow\">\n<figure class=\"wp-block-image size-large\"><img alt=\"\" loading=\"lazy\" decoding=\"async\" width=\"683\" height=\"1024\" src=\"https:\/\/www.asso-unil.ch\/lecabanon\/files\/2018\/04\/5-\u00a9ConstanceBrosse--683x1024.jpg\" alt=\"\" class=\"wp-image-1253\" srcset=\"https:\/\/www.asso-unil.ch\/lecabanon\/files\/2018\/04\/5-\u00a9ConstanceBrosse--683x1024.jpg 683w, https:\/\/www.asso-unil.ch\/lecabanon\/files\/2018\/04\/5-\u00a9ConstanceBrosse--200x300.jpg 200w, https:\/\/www.asso-unil.ch\/lecabanon\/files\/2018\/04\/5-\u00a9ConstanceBrosse--768x1152.jpg 768w, https:\/\/www.asso-unil.ch\/lecabanon\/files\/2018\/04\/5-\u00a9ConstanceBrosse--540x810.jpg 540w, https:\/\/www.asso-unil.ch\/lecabanon\/files\/2018\/04\/5-\u00a9ConstanceBrosse-.jpg 800w\" sizes=\"auto, (max-width: 683px) 100vw, 683px\" \/><\/figure>\n<\/div>\n\n\n\n<div class=\"wp-block-column is-layout-flow wp-block-column-is-layout-flow\">\n<figure class=\"wp-block-image size-large\"><img alt=\"\" loading=\"lazy\" decoding=\"async\" width=\"683\" height=\"1024\" src=\"https:\/\/www.asso-unil.ch\/lecabanon\/files\/2018\/04\/4-\u00a9ConstanceBrosse-.jpg-2-683x1024.jpg\" alt=\"\" class=\"wp-image-1252\" srcset=\"https:\/\/www.asso-unil.ch\/lecabanon\/files\/2018\/04\/4-\u00a9ConstanceBrosse-.jpg-2-683x1024.jpg 683w, https:\/\/www.asso-unil.ch\/lecabanon\/files\/2018\/04\/4-\u00a9ConstanceBrosse-.jpg-2-200x300.jpg 200w, https:\/\/www.asso-unil.ch\/lecabanon\/files\/2018\/04\/4-\u00a9ConstanceBrosse-.jpg-2-768x1152.jpg 768w, https:\/\/www.asso-unil.ch\/lecabanon\/files\/2018\/04\/4-\u00a9ConstanceBrosse-.jpg-2-540x810.jpg 540w, https:\/\/www.asso-unil.ch\/lecabanon\/files\/2018\/04\/4-\u00a9ConstanceBrosse-.jpg-2.jpg 800w\" sizes=\"auto, (max-width: 683px) 100vw, 683px\" \/><\/figure>\n<\/div>\n<\/div>\n\n\n\n<p class=\"has-normal-font-size\"><strong>Billy Meets Silly (<strong>Verniss<\/strong>age et table ronde 12.11.2018) <\/strong><br>Une exposition par l&rsquo;artiste Eric Hattan<br>Le p\u00f4le curatorial Laboratoire EAST-EPFL<br>Table ronde et vernissage avec l&rsquo;intervention de Simon Deppierraz, Karsten F\u00f6dinger, Eric Hattan, Mathias Pfund, Cyrille Simonnet. Mod\u00e9ration par Martin Fr\u00f6hlich. <\/p>\n\n\n\n<div class=\"wp-block-columns is-layout-flex wp-container-core-columns-is-layout-9d6595d7 wp-block-columns-is-layout-flex\">\n<div class=\"wp-block-column is-layout-flow wp-block-column-is-layout-flow\">\n<figure class=\"wp-block-image size-large\"><img alt=\"\" loading=\"lazy\" decoding=\"async\" width=\"1024\" height=\"683\" src=\"https:\/\/www.asso-unil.ch\/lecabanon\/files\/2018\/04\/\u00a9Basil-Merz6-2-1024x683.jpg\" alt=\"\" class=\"wp-image-1256\" srcset=\"https:\/\/www.asso-unil.ch\/lecabanon\/files\/2018\/04\/\u00a9Basil-Merz6-2-1024x683.jpg 1024w, https:\/\/www.asso-unil.ch\/lecabanon\/files\/2018\/04\/\u00a9Basil-Merz6-2-300x200.jpg 300w, https:\/\/www.asso-unil.ch\/lecabanon\/files\/2018\/04\/\u00a9Basil-Merz6-2-768x512.jpg 768w, https:\/\/www.asso-unil.ch\/lecabanon\/files\/2018\/04\/\u00a9Basil-Merz6-2-1536x1024.jpg 1536w, https:\/\/www.asso-unil.ch\/lecabanon\/files\/2018\/04\/\u00a9Basil-Merz6-2-540x360.jpg 540w, https:\/\/www.asso-unil.ch\/lecabanon\/files\/2018\/04\/\u00a9Basil-Merz6-2-1080x720.jpg 1080w, https:\/\/www.asso-unil.ch\/lecabanon\/files\/2018\/04\/\u00a9Basil-Merz6-2.jpg 1800w\" sizes=\"auto, (max-width: 1024px) 100vw, 1024px\" \/><\/figure>\n<\/div>\n\n\n\n<div class=\"wp-block-column is-layout-flow wp-block-column-is-layout-flow\">\n<figure class=\"wp-block-image size-large\"><img alt=\"\" loading=\"lazy\" decoding=\"async\" width=\"1024\" height=\"683\" src=\"https:\/\/www.asso-unil.ch\/lecabanon\/files\/2018\/04\/\u00a9Basil-Merz-1024x683.jpg\" alt=\"\" class=\"wp-image-1257\" srcset=\"https:\/\/www.asso-unil.ch\/lecabanon\/files\/2018\/04\/\u00a9Basil-Merz-1024x683.jpg 1024w, https:\/\/www.asso-unil.ch\/lecabanon\/files\/2018\/04\/\u00a9Basil-Merz-300x200.jpg 300w, https:\/\/www.asso-unil.ch\/lecabanon\/files\/2018\/04\/\u00a9Basil-Merz-768x512.jpg 768w, https:\/\/www.asso-unil.ch\/lecabanon\/files\/2018\/04\/\u00a9Basil-Merz-1536x1024.jpg 1536w, https:\/\/www.asso-unil.ch\/lecabanon\/files\/2018\/04\/\u00a9Basil-Merz-540x360.jpg 540w, https:\/\/www.asso-unil.ch\/lecabanon\/files\/2018\/04\/\u00a9Basil-Merz-1080x720.jpg 1080w, https:\/\/www.asso-unil.ch\/lecabanon\/files\/2018\/04\/\u00a9Basil-Merz.jpg 1800w\" sizes=\"auto, (max-width: 1024px) 100vw, 1024px\" \/><\/figure>\n<\/div>\n\n\n\n<div class=\"wp-block-column is-layout-flow wp-block-column-is-layout-flow\">\n<figure class=\"wp-block-image size-large\"><img alt=\"\" loading=\"lazy\" decoding=\"async\" width=\"1024\" height=\"683\" src=\"https:\/\/www.asso-unil.ch\/lecabanon\/files\/2018\/04\/\u00a9Basil-Merz3-1024x683.jpg\" alt=\"\" class=\"wp-image-1258\" srcset=\"https:\/\/www.asso-unil.ch\/lecabanon\/files\/2018\/04\/\u00a9Basil-Merz3-1024x683.jpg 1024w, https:\/\/www.asso-unil.ch\/lecabanon\/files\/2018\/04\/\u00a9Basil-Merz3-300x200.jpg 300w, https:\/\/www.asso-unil.ch\/lecabanon\/files\/2018\/04\/\u00a9Basil-Merz3-768x512.jpg 768w, https:\/\/www.asso-unil.ch\/lecabanon\/files\/2018\/04\/\u00a9Basil-Merz3-1536x1024.jpg 1536w, https:\/\/www.asso-unil.ch\/lecabanon\/files\/2018\/04\/\u00a9Basil-Merz3-540x360.jpg 540w, https:\/\/www.asso-unil.ch\/lecabanon\/files\/2018\/04\/\u00a9Basil-Merz3-1080x720.jpg 1080w, https:\/\/www.asso-unil.ch\/lecabanon\/files\/2018\/04\/\u00a9Basil-Merz3.jpg 1800w\" sizes=\"auto, (max-width: 1024px) 100vw, 1024px\" \/><\/figure>\n<\/div>\n<\/div>\n\n\n\n<p class=\"has-normal-font-size\"><strong>Lorraine Baylac et Yelim Ki<\/strong> (<strong>Vernissage<\/strong> <strong>29.11.2018<\/strong>)<br>Une exposition de l&rsquo;artiste Yelim Ki.<br>Commissariat par Lorraine Baylac, invit\u00e9e par le p\u00f4le curatorial de Le Terminus<br>Vernissage en pr\u00e9sence de l&rsquo;artiste et des organisations <\/p>\n\n\n\n<div class=\"wp-block-columns is-layout-flex wp-container-core-columns-is-layout-9d6595d7 wp-block-columns-is-layout-flex\">\n<div class=\"wp-block-column is-layout-flow wp-block-column-is-layout-flow\">\n<figure class=\"wp-block-image size-large\"><img alt=\"\" loading=\"lazy\" decoding=\"async\" width=\"683\" height=\"1024\" src=\"https:\/\/www.asso-unil.ch\/lecabanon\/files\/2018\/04\/\u00a9Basil-Merz2-2-683x1024.jpg\" alt=\"\" class=\"wp-image-1261\" srcset=\"https:\/\/www.asso-unil.ch\/lecabanon\/files\/2018\/04\/\u00a9Basil-Merz2-2-683x1024.jpg 683w, https:\/\/www.asso-unil.ch\/lecabanon\/files\/2018\/04\/\u00a9Basil-Merz2-2-200x300.jpg 200w, https:\/\/www.asso-unil.ch\/lecabanon\/files\/2018\/04\/\u00a9Basil-Merz2-2-768x1152.jpg 768w, https:\/\/www.asso-unil.ch\/lecabanon\/files\/2018\/04\/\u00a9Basil-Merz2-2-540x810.jpg 540w, https:\/\/www.asso-unil.ch\/lecabanon\/files\/2018\/04\/\u00a9Basil-Merz2-2.jpg 800w\" sizes=\"auto, (max-width: 683px) 100vw, 683px\" \/><\/figure>\n<\/div>\n\n\n\n<div class=\"wp-block-column is-layout-flow wp-block-column-is-layout-flow\">\n<figure class=\"wp-block-image size-large\"><img alt=\"\" loading=\"lazy\" decoding=\"async\" width=\"683\" height=\"1024\" src=\"https:\/\/www.asso-unil.ch\/lecabanon\/files\/2018\/04\/\u00a9Basil-Merz9-683x1024.jpg\" alt=\"\" class=\"wp-image-1262\" srcset=\"https:\/\/www.asso-unil.ch\/lecabanon\/files\/2018\/04\/\u00a9Basil-Merz9-683x1024.jpg 683w, https:\/\/www.asso-unil.ch\/lecabanon\/files\/2018\/04\/\u00a9Basil-Merz9-200x300.jpg 200w, https:\/\/www.asso-unil.ch\/lecabanon\/files\/2018\/04\/\u00a9Basil-Merz9-768x1152.jpg 768w, https:\/\/www.asso-unil.ch\/lecabanon\/files\/2018\/04\/\u00a9Basil-Merz9-540x810.jpg 540w, https:\/\/www.asso-unil.ch\/lecabanon\/files\/2018\/04\/\u00a9Basil-Merz9.jpg 800w\" sizes=\"auto, (max-width: 683px) 100vw, 683px\" \/><\/figure>\n<\/div>\n\n\n\n<div class=\"wp-block-column is-layout-flow wp-block-column-is-layout-flow\">\n<figure class=\"wp-block-image size-large\"><img alt=\"\" loading=\"lazy\" decoding=\"async\" width=\"683\" height=\"1024\" src=\"https:\/\/www.asso-unil.ch\/lecabanon\/files\/2018\/04\/\u00a9Basil-Merz12-683x1024.jpg\" alt=\"\" class=\"wp-image-1260\" srcset=\"https:\/\/www.asso-unil.ch\/lecabanon\/files\/2018\/04\/\u00a9Basil-Merz12-683x1024.jpg 683w, https:\/\/www.asso-unil.ch\/lecabanon\/files\/2018\/04\/\u00a9Basil-Merz12-200x300.jpg 200w, https:\/\/www.asso-unil.ch\/lecabanon\/files\/2018\/04\/\u00a9Basil-Merz12-768x1152.jpg 768w, https:\/\/www.asso-unil.ch\/lecabanon\/files\/2018\/04\/\u00a9Basil-Merz12-540x810.jpg 540w, https:\/\/www.asso-unil.ch\/lecabanon\/files\/2018\/04\/\u00a9Basil-Merz12.jpg 800w\" sizes=\"auto, (max-width: 683px) 100vw, 683px\" \/><\/figure>\n<\/div>\n<\/div>\n\n\n\n<p><strong>Stahlschlangen\/Steing\u00e4rten (Vernissage 10.12.18)<\/strong><br>Une exposition par les artistes Gilles Brusset et Miro Aron<br>Commissariat par le p\u00f4le curatorial de Le Terminus<br>Vernissage en pr\u00e9sence de l&rsquo;artiste et des organisations <\/p>\n\n\n\n<p>\u00ab Nouveaux reliefs \u00bb est une sculpture-paysage \u00e9ph\u00e9m\u00e8re install\u00e9es dans un espace ouvert. Un jeu de formes topographiques surgissent sur le plateau des Noyerettes. Pour Le pavillon Traverse, con\u00e7u par Martin Fr\u00f6lich et jusqu\u2019\u00e0 pr\u00e9sent pos\u00e9 sur un replat univoque du terrain, ces formes fa\u00e7onnent un socle d\u2019ondulations parall\u00e8les. Un unique mat\u00e9riau les compose : quelques m3 de copeaux de bois forment une s\u00e9rie de micro reliefs qui s\u2019\u00e9tirent en longueur, s\u2019allongent tranquillement dans la dimension horizontale du site. Au sein de l\u2019\u00e9tendue du campus, la sculpture-paysage fait \u00e9merger une topographie singuli\u00e8re. Ses formes, son orientation et ses dimen- sions, en \u00e9cho aux horizons montagneux du lac L\u00e9man, invitent le grand paysage \u00e0 s\u2019installer au plus proche.<\/p>\n\n\n\n<div class=\"wp-block-columns is-layout-flex wp-container-core-columns-is-layout-9d6595d7 wp-block-columns-is-layout-flex\">\n<div class=\"wp-block-column is-layout-flow wp-block-column-is-layout-flow\">\n<figure class=\"wp-block-image size-large\"><img alt=\"\" loading=\"lazy\" decoding=\"async\" width=\"671\" height=\"1024\" src=\"https:\/\/www.asso-unil.ch\/lecabanon\/files\/2018\/04\/IMG_0961-671x1024.jpg\" alt=\"\" class=\"wp-image-1263\" srcset=\"https:\/\/www.asso-unil.ch\/lecabanon\/files\/2018\/04\/IMG_0961-671x1024.jpg 671w, https:\/\/www.asso-unil.ch\/lecabanon\/files\/2018\/04\/IMG_0961-197x300.jpg 197w, https:\/\/www.asso-unil.ch\/lecabanon\/files\/2018\/04\/IMG_0961-768x1173.jpg 768w, https:\/\/www.asso-unil.ch\/lecabanon\/files\/2018\/04\/IMG_0961-540x824.jpg 540w, https:\/\/www.asso-unil.ch\/lecabanon\/files\/2018\/04\/IMG_0961.jpg 786w\" sizes=\"auto, (max-width: 671px) 100vw, 671px\" \/><\/figure>\n<\/div>\n\n\n\n<div class=\"wp-block-column is-layout-flow wp-block-column-is-layout-flow\">\n<figure class=\"wp-block-image size-large\"><img alt=\"\" loading=\"lazy\" decoding=\"async\" width=\"684\" height=\"1024\" src=\"https:\/\/www.asso-unil.ch\/lecabanon\/files\/2018\/04\/DSC_7109-2-684x1024.jpg\" alt=\"\" class=\"wp-image-1265\" srcset=\"https:\/\/www.asso-unil.ch\/lecabanon\/files\/2018\/04\/DSC_7109-2-684x1024.jpg 684w, https:\/\/www.asso-unil.ch\/lecabanon\/files\/2018\/04\/DSC_7109-2-200x300.jpg 200w, https:\/\/www.asso-unil.ch\/lecabanon\/files\/2018\/04\/DSC_7109-2-768x1151.jpg 768w, https:\/\/www.asso-unil.ch\/lecabanon\/files\/2018\/04\/DSC_7109-2-540x809.jpg 540w, https:\/\/www.asso-unil.ch\/lecabanon\/files\/2018\/04\/DSC_7109-2.jpg 801w\" sizes=\"auto, (max-width: 684px) 100vw, 684px\" \/><\/figure>\n<\/div>\n\n\n\n<div class=\"wp-block-column is-layout-flow wp-block-column-is-layout-flow\">\n<figure class=\"wp-block-image size-large\"><img alt=\"\" loading=\"lazy\" decoding=\"async\" width=\"683\" height=\"1024\" src=\"https:\/\/www.asso-unil.ch\/lecabanon\/files\/2018\/04\/16122018-DJI_0454-2-683x1024.jpg\" alt=\"\" class=\"wp-image-1264\" srcset=\"https:\/\/www.asso-unil.ch\/lecabanon\/files\/2018\/04\/16122018-DJI_0454-2-683x1024.jpg 683w, https:\/\/www.asso-unil.ch\/lecabanon\/files\/2018\/04\/16122018-DJI_0454-2-200x300.jpg 200w, https:\/\/www.asso-unil.ch\/lecabanon\/files\/2018\/04\/16122018-DJI_0454-2-768x1152.jpg 768w, https:\/\/www.asso-unil.ch\/lecabanon\/files\/2018\/04\/16122018-DJI_0454-2-540x810.jpg 540w, https:\/\/www.asso-unil.ch\/lecabanon\/files\/2018\/04\/16122018-DJI_0454-2.jpg 800w\" sizes=\"auto, (max-width: 683px) 100vw, 683px\" \/><\/figure>\n<\/div>\n<\/div>\n\n\n\n<p><\/p>\n\n\n\n<p><\/p>\n\n\n\n<p><\/p>\n","protected":false},"excerpt":{"rendered":"<p>09 avril 2018 Jury Day Francesca Bariviera Roger Boltshauser Karsten F\u00f6dinger, Steffen Marx, Friederike Meyer, Sonja Nagel, Kornelia Imesch Oechslin et Jean-Rodolphe Petter 01 juin 2018 Inauguration de&hellip;<\/p>\n","protected":false},"author":1001278,"featured_media":0,"comment_status":"closed","ping_status":"closed","sticky":false,"template":"template-full-width.php","format":"standard","meta":{"_seopress_robots_primary_cat":"","_seopress_titles_title":"","_seopress_titles_desc":"","_seopress_robots_index":"","footnotes":""},"categories":[1],"tags":[],"class_list":{"0":"post-1216","1":"post","2":"type-post","3":"status-publish","4":"format-standard","5":"has-post-thumbnail","7":"category-expositions"},"_links":{"self":[{"href":"https:\/\/www.asso-unil.ch\/lecabanon\/wp-json\/wp\/v2\/posts\/1216","targetHints":{"allow":["GET"]}}],"collection":[{"href":"https:\/\/www.asso-unil.ch\/lecabanon\/wp-json\/wp\/v2\/posts"}],"about":[{"href":"https:\/\/www.asso-unil.ch\/lecabanon\/wp-json\/wp\/v2\/types\/post"}],"author":[{"embeddable":true,"href":"https:\/\/www.asso-unil.ch\/lecabanon\/wp-json\/wp\/v2\/users\/1001278"}],"replies":[{"embeddable":true,"href":"https:\/\/www.asso-unil.ch\/lecabanon\/wp-json\/wp\/v2\/comments?post=1216"}],"version-history":[{"count":0,"href":"https:\/\/www.asso-unil.ch\/lecabanon\/wp-json\/wp\/v2\/posts\/1216\/revisions"}],"wp:attachment":[{"href":"https:\/\/www.asso-unil.ch\/lecabanon\/wp-json\/wp\/v2\/media?parent=1216"}],"wp:term":[{"taxonomy":"category","embeddable":true,"href":"https:\/\/www.asso-unil.ch\/lecabanon\/wp-json\/wp\/v2\/categories?post=1216"},{"taxonomy":"post_tag","embeddable":true,"href":"https:\/\/www.asso-unil.ch\/lecabanon\/wp-json\/wp\/v2\/tags?post=1216"}],"curies":[{"name":"wp","href":"https:\/\/api.w.org\/{rel}","templated":true}]}}