{"id":1200,"date":"2017-11-30T12:00:00","date_gmt":"2017-11-30T11:00:00","guid":{"rendered":"https:\/\/www.asso-unil.ch\/lecabanon\/?p=1200"},"modified":"2023-03-22T13:14:56","modified_gmt":"2023-03-22T12:14:56","slug":"dream-a-little-drama-30-11-2017","status":"publish","type":"post","link":"https:\/\/www.asso-unil.ch\/lecabanon\/2017\/11\/dream-a-little-drama-30-11-2017\/","title":{"rendered":"Dream a little drama (30.11.2017)."},"content":{"rendered":"\n<h2 class=\"has-normal-font-size wp-block-heading\">Artiste : Guillaume Pilet<br>Commissariat : Le p\u00f4le curatorial du Cabanon<br>Lieu : mcb-a<\/h2>\n\n\n\n<p>A l&rsquo;occasion du 50e du Fonds des arts plastiques de la ville de Lausanne (FAP), le Cabanon propose une performance de Guillaume Pilet \u00ab\u00a0Dream a Little Drama\u00a0\u00bb qui aura lieu entre les murs du Mus\u00e9e cantonal des beaux-arts de Lausanne. <br>Par cette collaboration le Cabanon vise \u00e0 mettre en lumi\u00e8re un artiste lausannois faisant partie de la collection du FAP, \u00e0 travers une performance compl\u00e9mentaire \u00e0 l\u2019exposition d\u00e9j\u00e0 en oeuvre au mus\u00e9e. La richesse, mais aussi l\u2019aspect prot\u00e9iforme du travail de Guillaume Pilet, est valoris\u00e9s \u00e0 travers ces deux mediums (l\u2019exposition et la performance).<br>Ce \u00e9v\u00e8nement a pour objectif de montrer la pluralit\u00e9 des productions derri\u00e8re chaque artistes ou \u0153uvres de la collection du FAP. L\u2019anniversaire du FAP devient alors un moteur pour l\u2019ouverture d\u2019une plateforme d\u2019exp\u00e9riences, dans la m\u00eame lign\u00e9e que ce que le FAP a d\u00e9j\u00e0 mis en place, notamment \u00e0 travers la r\u00e9daction de notices de son catalogue \u00e9crites par des \u00e9tudiant.e.s.<\/p>\n\n\n\n<p>En lien avec l\u2019exposition\u00a0<em>BIOPIC\u00a0<\/em>pr\u00e9sent\u00e9e au Mus\u00e9e jusqu\u2019au 28 janvier 2018, Guillaume Pilet, laur\u00e9at du prix Buchet 2017, r\u00e9alise sa performance\u00a0<em>DREAM A LITTLE DRAMA<\/em>, cr\u00e9\u00e9e lors d\u2019une r\u00e9sidence \u00e0 Primary, Nottingham (GB) en juillet 2017. L\u2019artiste y m\u00eale r\u00e9f\u00e9rences \u00e0 l\u2019histoire personnelle, \u00e0 l\u2019histoire de l\u2019art et \u00e0 la culture populaire pour d\u00e9rouler le r\u00e9cit de sa vie d\u2019artiste sous forme de d\u00e9fil\u00e9 fictif. Dans un d\u00e9cor monumental r\u00e9alis\u00e9 pour l\u2019occasion, qui convoque aussi bien la peinture abstraite que le folklore vernaculaire, les reliques de l\u2019enfance que la culture savante, Guillaume Pilet rejoue par l\u2019interm\u00e9diaire d\u2019un performeur qui lui sert d\u2019alter ego la question de sa propre identit\u00e9 \u2013 de peintre, et de relecteur critique de l\u2019acte de peindre lui-m\u00eame.<\/p>\n\n\n\n<p><\/p>\n","protected":false},"excerpt":{"rendered":"<p>Artiste : Guillaume PiletCommissariat : Le p\u00f4le curatorial du CabanonLieu : mcb-a A l&rsquo;occasion du 50e du Fonds des arts plastiques de la ville de Lausanne (FAP), le&hellip;<\/p>\n","protected":false},"author":1001278,"featured_media":1203,"comment_status":"closed","ping_status":"closed","sticky":false,"template":"template-full-width.php","format":"standard","meta":{"_seopress_robots_primary_cat":"","_seopress_titles_title":"","_seopress_titles_desc":"","_seopress_robots_index":"","footnotes":""},"categories":[1],"tags":[],"class_list":{"0":"post-1200","1":"post","2":"type-post","3":"status-publish","4":"format-standard","5":"has-post-thumbnail","7":"category-expositions"},"_links":{"self":[{"href":"https:\/\/www.asso-unil.ch\/lecabanon\/wp-json\/wp\/v2\/posts\/1200","targetHints":{"allow":["GET"]}}],"collection":[{"href":"https:\/\/www.asso-unil.ch\/lecabanon\/wp-json\/wp\/v2\/posts"}],"about":[{"href":"https:\/\/www.asso-unil.ch\/lecabanon\/wp-json\/wp\/v2\/types\/post"}],"author":[{"embeddable":true,"href":"https:\/\/www.asso-unil.ch\/lecabanon\/wp-json\/wp\/v2\/users\/1001278"}],"replies":[{"embeddable":true,"href":"https:\/\/www.asso-unil.ch\/lecabanon\/wp-json\/wp\/v2\/comments?post=1200"}],"version-history":[{"count":0,"href":"https:\/\/www.asso-unil.ch\/lecabanon\/wp-json\/wp\/v2\/posts\/1200\/revisions"}],"wp:featuredmedia":[{"embeddable":true,"href":"https:\/\/www.asso-unil.ch\/lecabanon\/wp-json\/wp\/v2\/media\/1203"}],"wp:attachment":[{"href":"https:\/\/www.asso-unil.ch\/lecabanon\/wp-json\/wp\/v2\/media?parent=1200"}],"wp:term":[{"taxonomy":"category","embeddable":true,"href":"https:\/\/www.asso-unil.ch\/lecabanon\/wp-json\/wp\/v2\/categories?post=1200"},{"taxonomy":"post_tag","embeddable":true,"href":"https:\/\/www.asso-unil.ch\/lecabanon\/wp-json\/wp\/v2\/tags?post=1200"}],"curies":[{"name":"wp","href":"https:\/\/api.w.org\/{rel}","templated":true}]}}