{"id":182,"date":"2016-02-06T14:09:41","date_gmt":"2016-02-06T13:09:41","guid":{"rendered":"http:\/\/www.asso-unil.ch\/lapel\/?p=182"},"modified":"2016-02-23T08:21:34","modified_gmt":"2016-02-23T07:21:34","slug":"design-et-premiere-reunion","status":"publish","type":"post","link":"https:\/\/www.asso-unil.ch\/lapel\/2016\/02\/design-et-premiere-reunion\/","title":{"rendered":"Design et premi\u00e8re r\u00e9union"},"content":{"rendered":"<p>La Pel&rsquo; a termin\u00e9 de <strong>r\u00e9actualiser son design<\/strong> pour le jardin en vue du semestre de printemps 2016. On se r\u00e9jouit de mettre tout \u00e7a en place et de convier toutes et tous \u00e0 de nombreuses journ\u00e9es \u00ab\u00a0Jardin\u00a0\u00bb.<\/p>\n<p>Autrement, la <strong>premi\u00e8re r\u00e9union du semestre<\/strong> aura lieu le mercredi 1er mars 2016 \u00e0 17h15 au Geopolis.<\/p>\n<p>En attendant, on vous souhaite une belle rentr\u00e9e !<\/p>\n<p>&nbsp;<\/p>\n<p>La Pel&rsquo;<\/p>\n<p><a href=\"https:\/\/www.asso-unil.ch\/lapel\/files\/2016\/02\/afficheLAPEL.jpg\" rel=\"attachment wp-att-202\"><img loading=\"lazy\" decoding=\"async\" class=\"alignnone size-medium wp-image-202\" src=\"https:\/\/www.asso-unil.ch\/lapel\/files\/2016\/02\/afficheLAPEL-218x300.jpg\" alt=\"afficheLAPEL\" width=\"218\" height=\"300\" srcset=\"https:\/\/www.asso-unil.ch\/lapel\/files\/2016\/02\/afficheLAPEL-218x300.jpg 218w, https:\/\/www.asso-unil.ch\/lapel\/files\/2016\/02\/afficheLAPEL.jpg 581w\" sizes=\"auto, (max-width: 218px) 100vw, 218px\" \/><\/a><\/p>\n","protected":false},"excerpt":{"rendered":"<p>La Pel&rsquo; a termin\u00e9 de r\u00e9actualiser son design pour le jardin en vue du semestre de printemps 2016. On se r\u00e9jouit de mettre tout \u00e7a en place et de convier &hellip; <a href=\"https:\/\/www.asso-unil.ch\/lapel\/2016\/02\/design-et-premiere-reunion\/\" class=\"more-link\">Continuer la lecture de <span class=\"screen-reader-text\">Design et premi\u00e8re r\u00e9union<\/span> <span class=\"meta-nav\">&rarr;<\/span><\/a><\/p>\n","protected":false},"author":1001061,"featured_media":0,"comment_status":"closed","ping_status":"closed","sticky":false,"template":"","format":"standard","meta":{"_seopress_robots_primary_cat":"","_seopress_titles_title":"","_seopress_titles_desc":"","_seopress_robots_index":"","footnotes":""},"categories":[1],"tags":[],"class_list":["post-182","post","type-post","status-publish","format-standard","category-uncategorized"],"_links":{"self":[{"href":"https:\/\/www.asso-unil.ch\/lapel\/wp-json\/wp\/v2\/posts\/182","targetHints":{"allow":["GET"]}}],"collection":[{"href":"https:\/\/www.asso-unil.ch\/lapel\/wp-json\/wp\/v2\/posts"}],"about":[{"href":"https:\/\/www.asso-unil.ch\/lapel\/wp-json\/wp\/v2\/types\/post"}],"author":[{"embeddable":true,"href":"https:\/\/www.asso-unil.ch\/lapel\/wp-json\/wp\/v2\/users\/1001061"}],"replies":[{"embeddable":true,"href":"https:\/\/www.asso-unil.ch\/lapel\/wp-json\/wp\/v2\/comments?post=182"}],"version-history":[{"count":0,"href":"https:\/\/www.asso-unil.ch\/lapel\/wp-json\/wp\/v2\/posts\/182\/revisions"}],"wp:attachment":[{"href":"https:\/\/www.asso-unil.ch\/lapel\/wp-json\/wp\/v2\/media?parent=182"}],"wp:term":[{"taxonomy":"category","embeddable":true,"href":"https:\/\/www.asso-unil.ch\/lapel\/wp-json\/wp\/v2\/categories?post=182"},{"taxonomy":"post_tag","embeddable":true,"href":"https:\/\/www.asso-unil.ch\/lapel\/wp-json\/wp\/v2\/tags?post=182"}],"curies":[{"name":"wp","href":"https:\/\/api.w.org\/{rel}","templated":true}]}}