{"id":145,"date":"2014-11-23T15:58:59","date_gmt":"2014-11-23T14:58:59","guid":{"rendered":"http:\/\/www.asso-unil.ch\/helios\/?p=145"},"modified":"2014-11-23T16:03:41","modified_gmt":"2014-11-23T15:03:41","slug":"soiree-peplum","status":"publish","type":"post","link":"https:\/\/www.asso-unil.ch\/helios\/2014\/11\/soiree-peplum\/","title":{"rendered":"Soir\u00e9e Peplum"},"content":{"rendered":"<p style=\"text-align: justify\">Chers membres de l&rsquo;ASA,<\/p>\n<p style=\"text-align: justify\">Comme deuxi\u00e8me projection dans le cadre de son cycle \u00ab\u00a0Peplum\u00a0\u00bb, Helios vous invite \u00e0 voir \u00ab\u00a0<strong>Le Choc des Titans<\/strong>\u00ab\u00a0, mercredi <strong>3 d\u00e9cembre<\/strong> \u00e0 <strong>17h15<\/strong> en salle <strong>4030<\/strong> (eh oui encore&#8230;).<\/p>\n<p style=\"text-align: justify\">Comme toujours, la projection sera suivie d&rsquo;un petit ap\u00e9ro. Cependant, cette fois nous proposons \u00e0 tous de participer, afin d&rsquo;organiser un ap\u00e9ro canadien!<\/p>\n<p style=\"text-align: justify\">Au plaisir de vous voir nombreux pour ce chef-d&rsquo;oeuvre cin\u00e9matographique!!!<\/p>\n<p style=\"text-align: justify\"><img loading=\"lazy\" decoding=\"async\" class=\"alignnone size-full wp-image-146\" src=\"https:\/\/www.asso-unil.ch\/helios\/files\/2014\/11\/le-choc-des-titans.jpg\" alt=\"le-choc-des-titans\" width=\"300\" height=\"188\" \/><\/p>\n<p style=\"text-align: right\">Votre Association, Helios<\/p>\n<p style=\"text-align: justify\">\n","protected":false},"excerpt":{"rendered":"<p>Chers membres de l&rsquo;ASA, Comme deuxi\u00e8me projection dans le cadre de son cycle \u00ab\u00a0Peplum\u00a0\u00bb, Helios vous invite \u00e0 voir \u00ab\u00a0Le Choc des Titans\u00ab\u00a0, mercredi 3 d\u00e9cembre \u00e0 17h15 en salle 4030 (eh oui encore&#8230;). Comme toujours, la projection sera suivie d&rsquo;un petit ap\u00e9ro. Cependant, cette fois nous proposons \u00e0 tous de participer, afin d&rsquo;organiser un &hellip; <\/p>\n<p class=\"link-more\"><a href=\"https:\/\/www.asso-unil.ch\/helios\/2014\/11\/soiree-peplum\/\" class=\"more-link\">Continuer la lecture<span class=\"screen-reader-text\"> de &laquo;&nbsp;Soir\u00e9e Peplum&nbsp;&raquo;<\/span><\/a><\/p>\n","protected":false},"author":213,"featured_media":0,"comment_status":"closed","ping_status":"closed","sticky":false,"template":"","format":"standard","meta":{"_seopress_robots_primary_cat":"","_seopress_titles_title":"","_seopress_titles_desc":"","_seopress_robots_index":"","footnotes":""},"categories":[1],"tags":[],"class_list":{"0":"post-145","1":"post","2":"type-post","3":"status-publish","4":"format-standard","6":"category-uncategorized"},"_links":{"self":[{"href":"https:\/\/www.asso-unil.ch\/helios\/wp-json\/wp\/v2\/posts\/145","targetHints":{"allow":["GET"]}}],"collection":[{"href":"https:\/\/www.asso-unil.ch\/helios\/wp-json\/wp\/v2\/posts"}],"about":[{"href":"https:\/\/www.asso-unil.ch\/helios\/wp-json\/wp\/v2\/types\/post"}],"author":[{"embeddable":true,"href":"https:\/\/www.asso-unil.ch\/helios\/wp-json\/wp\/v2\/users\/213"}],"replies":[{"embeddable":true,"href":"https:\/\/www.asso-unil.ch\/helios\/wp-json\/wp\/v2\/comments?post=145"}],"version-history":[{"count":0,"href":"https:\/\/www.asso-unil.ch\/helios\/wp-json\/wp\/v2\/posts\/145\/revisions"}],"wp:attachment":[{"href":"https:\/\/www.asso-unil.ch\/helios\/wp-json\/wp\/v2\/media?parent=145"}],"wp:term":[{"taxonomy":"category","embeddable":true,"href":"https:\/\/www.asso-unil.ch\/helios\/wp-json\/wp\/v2\/categories?post=145"},{"taxonomy":"post_tag","embeddable":true,"href":"https:\/\/www.asso-unil.ch\/helios\/wp-json\/wp\/v2\/tags?post=145"}],"curies":[{"name":"wp","href":"https:\/\/api.w.org\/{rel}","templated":true}]}}