{"id":136,"date":"2014-11-11T14:06:41","date_gmt":"2014-11-11T13:06:41","guid":{"rendered":"http:\/\/www.asso-unil.ch\/helios\/?p=136"},"modified":"2014-11-18T14:45:18","modified_gmt":"2014-11-18T13:45:18","slug":"sortie-proposee-a-avenches","status":"publish","type":"post","link":"https:\/\/www.asso-unil.ch\/helios\/2014\/11\/sortie-proposee-a-avenches\/","title":{"rendered":"Sortie propos\u00e9e \u00e0 Avenches"},"content":{"rendered":"<p style=\"text-align: justify\">Bonjour \u00e0 tous!<\/p>\n<p style=\"text-align: justify\">Petit rappel suite au mail g\u00e9n\u00e9ral: une sortie \u00e0 <strong>Avenches<\/strong> est organis\u00e9e ce <strong>samedi 22 novembre,<\/strong> afin d&rsquo;assister \u00e0 la conf\u00e9rence: \u00ab\u00a0Le trafic illicite : un fl\u00e9au pour l&rsquo;h\u00e9ritage arch\u00e9ologique mondial \u00bb de Jean-Robert Gisler, arch\u00e9ologue et coordinateur en mati\u00e8re de biens culturels au sein de l&rsquo;Office f\u00e9d\u00e9ral de la Police.\u00a0\u00bb<\/p>\n<p style=\"text-align: justify\">Le transport se fera avec les bus de l&rsquo;Institut (places limit\u00e9es). Du coup, veuillez vous inscrire sur les listes au 4\u00e8me \u00e9tage. Le rendez-vous est fix\u00e9 \u00e0<strong> 9h30 devant le b\u00e2timent Anthrop\u00f4le<\/strong>. Au besoin, il est possible de nous rejoindre directement sur place: la conf\u00e9rence d\u00e9bute \u00e0 11h\u00a0\u00e0 la salle de paroisse sous l&rsquo;\u00e9glise catholique ( Avenue Jomini 8).<\/p>\n<p style=\"text-align: justify\">Au plaisir de vous y voir nombreux!!<\/p>\n<p style=\"text-align: right\">Le Comit\u00e9<\/p>\n<p style=\"text-align: justify\">Pour plus d&rsquo;informations sur les conf\u00e9rences organis\u00e9es \u00e0 Avenches:\u00a0<a href=\"https:\/\/www.asso-unil.ch\/helios\/files\/2014\/11\/flyers_double.pdf\">flyers_double<\/a><\/p>\n<p>&nbsp;<\/p>\n<p><a href=\"https:\/\/www.asso-unil.ch\/helios\/files\/2014\/11\/Sans-titre.png\">\u00a0<\/a><\/p>\n","protected":false},"excerpt":{"rendered":"<p>Bonjour \u00e0 tous! Petit rappel suite au mail g\u00e9n\u00e9ral: une sortie \u00e0 Avenches est organis\u00e9e ce samedi 22 novembre, afin d&rsquo;assister \u00e0 la conf\u00e9rence: \u00ab\u00a0Le trafic illicite : un fl\u00e9au pour l&rsquo;h\u00e9ritage arch\u00e9ologique mondial \u00bb de Jean-Robert Gisler, arch\u00e9ologue et coordinateur en mati\u00e8re de biens culturels au sein de l&rsquo;Office f\u00e9d\u00e9ral de la Police.\u00a0\u00bb Le &hellip; <\/p>\n<p class=\"link-more\"><a href=\"https:\/\/www.asso-unil.ch\/helios\/2014\/11\/sortie-proposee-a-avenches\/\" class=\"more-link\">Continuer la lecture<span class=\"screen-reader-text\"> de &laquo;&nbsp;Sortie propos\u00e9e \u00e0 Avenches&nbsp;&raquo;<\/span><\/a><\/p>\n","protected":false},"author":213,"featured_media":0,"comment_status":"closed","ping_status":"closed","sticky":false,"template":"","format":"aside","meta":{"_seopress_robots_primary_cat":"","_seopress_titles_title":"","_seopress_titles_desc":"","_seopress_robots_index":"","footnotes":""},"categories":[1],"tags":[],"class_list":{"0":"post-136","1":"post","2":"type-post","3":"status-publish","4":"format-aside","6":"category-uncategorized","7":"post_format-post-format-aside"},"_links":{"self":[{"href":"https:\/\/www.asso-unil.ch\/helios\/wp-json\/wp\/v2\/posts\/136","targetHints":{"allow":["GET"]}}],"collection":[{"href":"https:\/\/www.asso-unil.ch\/helios\/wp-json\/wp\/v2\/posts"}],"about":[{"href":"https:\/\/www.asso-unil.ch\/helios\/wp-json\/wp\/v2\/types\/post"}],"author":[{"embeddable":true,"href":"https:\/\/www.asso-unil.ch\/helios\/wp-json\/wp\/v2\/users\/213"}],"replies":[{"embeddable":true,"href":"https:\/\/www.asso-unil.ch\/helios\/wp-json\/wp\/v2\/comments?post=136"}],"version-history":[{"count":0,"href":"https:\/\/www.asso-unil.ch\/helios\/wp-json\/wp\/v2\/posts\/136\/revisions"}],"wp:attachment":[{"href":"https:\/\/www.asso-unil.ch\/helios\/wp-json\/wp\/v2\/media?parent=136"}],"wp:term":[{"taxonomy":"category","embeddable":true,"href":"https:\/\/www.asso-unil.ch\/helios\/wp-json\/wp\/v2\/categories?post=136"},{"taxonomy":"post_tag","embeddable":true,"href":"https:\/\/www.asso-unil.ch\/helios\/wp-json\/wp\/v2\/tags?post=136"}],"curies":[{"name":"wp","href":"https:\/\/api.w.org\/{rel}","templated":true}]}}