{"id":862,"date":"2013-04-30T16:16:38","date_gmt":"2013-04-30T14:16:38","guid":{"rendered":"http:\/\/www.asso-unil.ch\/grc\/?p=862"},"modified":"2013-11-05T09:13:39","modified_gmt":"2013-11-05T08:13:39","slug":"augmentation-des-taxes-detudes-en-suisse-comment-sorganiser-contre-loffensive","status":"publish","type":"post","link":"https:\/\/www.asso-unil.ch\/grc\/2013\/04\/augmentation-des-taxes-detudes-en-suisse-comment-sorganiser-contre-loffensive\/","title":{"rendered":"Augmentation des taxes d&rsquo;\u00e9tudes en Suisse\u00a0: comment s&rsquo;organiser contre l&rsquo;offensive"},"content":{"rendered":"<p><strong>Discussion avec des \u00e9tudiant-e-s de la CUA de Gen\u00e8ve, de la FAE et de l&rsquo;EPFL<\/strong><br \/>\n<strong>Jeudi 2 mai 2013, 17h15,<br \/>\nSalle 3088\u00a0 , Anthropole (Unil)<\/strong><\/p>\n<p align=\"JUSTIFY\"><span style=\"font-family: Century Gothic,sans-serif\"><span style=\"font-size: large\">En Suisse, l&rsquo;heure est \u00e0 la lib\u00e9ralisation de la formation sup\u00e9rieure, avec comme cons\u00e9quence une prise en charge toujours plus grande par les \u00e9tudiant.e.s des frais d&rsquo;\u00e9tudes. Ces mesures accroissent l&rsquo;in\u00e9galit\u00e9 d&rsquo;acc\u00e8s aux universit\u00e9s et hautes \u00e9coles pour les personnes de familles modestes. Ainsi, c&rsquo;est toute une partie de la jeune g\u00e9n\u00e9ration actuelle qui se verrait contrainte \u00e0 \u00eatre moins qualifi\u00e9e, donc moins bien pay\u00e9e et plus mall\u00e9able. Une aubaine pour le patronat helv\u00e9tique\u00a0!<\/span><\/span><\/p>\n<p align=\"JUSTIFY\"><span style=\"font-family: Century Gothic,sans-serif\"><span style=\"font-size: large\">L&rsquo;aust\u00e9rit\u00e9 touche aussi les \u00e9tudiant.e.s et, \u00e0 Gen\u00e8ve, Zurich, \u00e0 l&rsquo;EPFL et ailleurs, des r\u00e9seaux de r\u00e9sistances s&rsquo;organisent pour faire face \u00e0 ces attaques et d\u00e9fendre le droit pour tout.e.s \u00e0 la formation. <\/span><\/span><\/p>\n<p align=\"JUSTIFY\"><span style=\"font-family: Century Gothic,sans-serif\"><span style=\"font-size: large\">L&rsquo;UniL n&rsquo;est pas un \u00eelot \u00e0 part, et des mesures similaires pourraient survenir. Il est donc n\u00e9cessaire que les \u00e9tudiant.e.s du site s&rsquo;organisent, s&rsquo;enrichissent des exp\u00e9riences des autres et soient pr\u00eat.e.s si des augmentations venaient \u00e0 frapper.<\/span><\/span><\/p>\n<p align=\"JUSTIFY\"><span style=\"font-family: Century Gothic,sans-serif\"><span style=\"font-size: large\"><b>Avec la pr\u00e9sence d&rsquo;\u00e9tudiant.e.s de la CUAE de Gen\u00e8ve, de la FAE et de l&rsquo;EPFL, venez en discuter\u00a0!<\/b><\/span><\/span><\/p>\n<p align=\"JUSTIFY\"><a href=\"https:\/\/www.asso-unil.ch\/grc\/files\/2013\/04\/resacte.png\"><img loading=\"lazy\" decoding=\"async\" class=\"aligncenter size-medium wp-image-863\" alt=\"resacte\" src=\"https:\/\/www.asso-unil.ch\/grc\/files\/2013\/04\/resacte-300x112.png\" width=\"300\" height=\"112\" srcset=\"https:\/\/www.asso-unil.ch\/grc\/files\/2013\/04\/resacte-300x112.png 300w, https:\/\/www.asso-unil.ch\/grc\/files\/2013\/04\/resacte.png 681w\" sizes=\"auto, (max-width: 300px) 100vw, 300px\" \/><\/a><\/p>\n","protected":false},"excerpt":{"rendered":"<p>Discussion avec des \u00e9tudiant-e-s de la CUA de Gen\u00e8ve, de la FAE et de l&rsquo;EPFL Jeudi 2 mai 2013, 17h15, Salle 3088\u00a0 , Anthropole (Unil) En Suisse, l&rsquo;heure est \u00e0 &hellip; <\/p>\n","protected":false},"author":14,"featured_media":0,"comment_status":"closed","ping_status":"closed","sticky":false,"template":"","format":"standard","meta":{"_seopress_robots_primary_cat":"","_seopress_titles_title":"","_seopress_titles_desc":"","_seopress_robots_index":"","footnotes":""},"categories":[59,47],"tags":[],"class_list":{"0":"post-862","1":"post","2":"type-post","3":"status-publish","4":"format-standard","6":"category-travail","7":"category-suisse"},"_links":{"self":[{"href":"https:\/\/www.asso-unil.ch\/grc\/wp-json\/wp\/v2\/posts\/862","targetHints":{"allow":["GET"]}}],"collection":[{"href":"https:\/\/www.asso-unil.ch\/grc\/wp-json\/wp\/v2\/posts"}],"about":[{"href":"https:\/\/www.asso-unil.ch\/grc\/wp-json\/wp\/v2\/types\/post"}],"author":[{"embeddable":true,"href":"https:\/\/www.asso-unil.ch\/grc\/wp-json\/wp\/v2\/users\/14"}],"replies":[{"embeddable":true,"href":"https:\/\/www.asso-unil.ch\/grc\/wp-json\/wp\/v2\/comments?post=862"}],"version-history":[{"count":0,"href":"https:\/\/www.asso-unil.ch\/grc\/wp-json\/wp\/v2\/posts\/862\/revisions"}],"wp:attachment":[{"href":"https:\/\/www.asso-unil.ch\/grc\/wp-json\/wp\/v2\/media?parent=862"}],"wp:term":[{"taxonomy":"category","embeddable":true,"href":"https:\/\/www.asso-unil.ch\/grc\/wp-json\/wp\/v2\/categories?post=862"},{"taxonomy":"post_tag","embeddable":true,"href":"https:\/\/www.asso-unil.ch\/grc\/wp-json\/wp\/v2\/tags?post=862"}],"curies":[{"name":"wp","href":"https:\/\/api.w.org\/{rel}","templated":true}]}}