{"id":809,"date":"2013-02-20T09:54:35","date_gmt":"2013-02-20T08:54:35","guid":{"rendered":"http:\/\/www.asso-unil.ch\/grc\/?p=809"},"modified":"2013-02-20T09:54:35","modified_gmt":"2013-02-20T08:54:35","slug":"seances-des-mois-de-novembre-et-decembre","status":"publish","type":"post","link":"https:\/\/www.asso-unil.ch\/grc\/2013\/02\/seances-des-mois-de-novembre-et-decembre\/","title":{"rendered":"S\u00e9ances des mois de novembre et d\u00e9cembre"},"content":{"rendered":"<h2>SEANCES DES MOIS DE NOVEMBRE ET DECEMBRE<\/h2>\n<div>\n<p>Nos prochaines s\u00e9ances sont consacr\u00e9es \u00e0 des conf\u00e9rences-d\u00e9bats portant aussi bien sur l&rsquo;actualit\u00e9 de ces derniers mois que sur l&rsquo;importance d&rsquo;anciennes luttes. Nous commencerons ce mois par la discussion-d\u00e9bat sur le salaire minimum que nous avions du reporter. L&rsquo;actualit\u00e9 nous a aussi pouss\u00e9 \u00e0 nous int\u00e9resser aux pr\u00e9sidentielles am\u00e9ricaines. Qu&rsquo;elles sont les limites du fonctionnement de la d\u00e9mocratie des \u00c9tats-Unis? Nous nous int\u00e9resserons aussi au fonctionnement de l&rsquo;\u00e9conomie avec un film, Goldman Sachs, la banque qui dirige le monde, et une s\u00e9ance de discussion-d\u00e9bat.<\/p>\n<\/div>\n<div><\/div>\n<h2><strong>Un salaire minimum en Suisse, une bonne id\u00e9e?<\/strong><\/h2>\n<p><strong>Discussion-d\u00e9bat<\/strong><br \/>\n<strong>Jeudi 11 octobre 2012, 17h15,<br \/>\nSalle 4088\u00a0 , Anthropole (Unil)<\/strong><\/p>\n<p>Le saviez-vous ?<br \/>\nEn Suisse, certaines personnes travaillent 45 heures par semaine et ne gagnent que 2700 francs. C\u2019est le cas dans certains magasins de chaussures ou dans des petites boutiques. Dans l\u2019horlogerie, on trouve encore des salaires de moins de 3000 francs. Dans ce contexte, le nombre de \u00ab\u00a0working poors\u00a0\u00bb ne fait qu\u2019augmenter, ayant le triste seuil des 400\u2019000 personnes l\u2019ann\u00e9e derni\u00e8re (dont 80% de femmes, et 60% d\u2019immigr\u00e9.e.s). Ces personnes travaillent \u00e0 temps plein et n\u2019ont pourtant pas les moyens de vivre dignement. Cette situation est due \u00e0 la loi f\u00e9d\u00e9rale suisse, l\u2019une des rares d\u2019Europe dans laquelle ne figure aucune norme pour un salaire minimum.<\/p>\n<p><a title=\"Discussion sur le salaire minimum\" href=\"https:\/\/www.asso-unil.ch\/grc\/2012\/09\/737\/\" target=\"_blank\">Continue reading ?<\/a><strong><\/strong><\/p>\n<p>&nbsp;<\/p>\n<div>\n<h2><strong>Les pr\u00e9sidentielles am\u00e9ricaines: bonnet blanc, blanc bonnet?<\/strong><\/h2>\n<p><strong>Discussion-d\u00e9bat<\/strong><br \/>\n<strong>Jeudi\u00a0 8 novembre 2012, 17h15,<br \/>\nSalle 4088\u00a0 , Anthropole (Unil)<\/strong><\/p>\n<p>Une fois que le plus blagueur des deux aura \u00e9t\u00e9 \u00e9lu:\u00a0 il sera bienvenu d\u2019explorer les dessous de la campagne et de\u00a0 d\u00e9cortiquer les informations vendues par la presse\u00a0 dominante. Cette s\u00e9ance sera l\u2019occasion de discuter des\u00a0 non-dits, des objectifs et des faux d\u00e9bats, de la mauvaise\u00a0 foi, dont ont fait preuve les deux grands candidats\u00a0 surm\u00e9diatis\u00e9s. Mais aussi d\u2019\u00e9voquer la place\u00a0 accord\u00e9e aux femmes, aux minorit\u00e9s, aux communaut\u00e9s\u00a0 religieuses ou encore de s\u2019int\u00e9resser aux candidats\u00a0 marginalis\u00e9s des grands plateaux, aux cons\u00e9quences sur\u00a0 la politique int\u00e9rieure et autres sujets occult\u00e9s. La\u00a0 liste est longue et demande d\u2019\u00eatre compl\u00e9t\u00e9e, alors\u00a0 n\u2019h\u00e9sitez pas \u00e0 venir en discuter!<a title=\"Des r\u00e9sistances sociales en Suisse? Mais pourquoi?\" href=\"https:\/\/www.asso-unil.ch\/grc\/2012\/09\/des-resistances-sociales-en-suisse-mais-pourquoi\/\" target=\"_blank\">\u00a0<\/a><\/p>\n<p><a title=\"Les pr\u00e9sidentielles am\u00e9ricaines: bonnet blanc, blanc bonnet?\" href=\"https:\/\/www.asso-unil.ch\/grc\/2012\/11\/les-presidentielles-americaines-bonnet-blanc-blanc-bonnet\/\" target=\"_blank\"> Continue reading ?<strong><\/strong>\u00a0<\/a><\/p>\n<\/div>\n<p>&nbsp;<\/p>\n<h2><strong>Goldman Sachs, la banque qui dirige le monde<\/strong><\/h2>\n<p><strong>Projection d\u2019un documentaire<\/strong><br \/>\n<strong>Jeudi 15 novembre 2012, 17h15,<br \/>\nSalle 4088\u00a0 , Anthropole (Unil)<\/strong><\/p>\n<p>Depuis 2008, la banque d\u2019affaires Goldman Sachs incarne les exc\u00e8s et les\u00a0 d\u00e9rives de la sp\u00e9culation financi\u00e8re. Le documentaire analyse un pouvoir\u00a0 qui ne conna\u00eet ni fronti\u00e8res ni limites et menace directement les\u00a0 d\u00e9mocraties.<\/p>\n<p><a title=\"Goldman Sachs, la banque qui dirige le monde\" href=\"https:\/\/www.asso-unil.ch\/grc\/2012\/11\/goldman-sachs-la-banque-qui-dirige-le-monde\/\" target=\"_blank\">Continue reading ?<strong><\/strong>\u00a0?<\/a><\/p>\n<h2><strong>L\u2019\u00e9conomie: une chose trop s\u00e9rieuse\u2026 pour \u00eatre laiss\u00e9e aux \u00e9conomistes<br \/>\n<\/strong><\/h2>\n<p><strong>Discussion-d\u00e9bat<\/strong><br \/>\n<strong>Jeudi\u00a0 22 novembre 2012, 17h15,<br \/>\nSalle 4088\u00a0 , Anthropole (Unil)<\/strong><\/p>\n<p>La science \u00e9conomique para\u00eet absolument solide, math\u00e9matiquement fond\u00e9e, scientifiquement impeccable. Les march\u00e9s doivent \u00eatre libres, le ch\u00f4mage est un mal n\u00e9cessaire, le salaire minimal est une id\u00e9e dangereuse. Tout cela semble prouv\u00e9, dur comme la pierre.<\/p>\n<p><a title=\"L\u2019\u00e9conomie: une chose trop s\u00e9rieuse\u2026 pour \u00eatre laiss\u00e9e aux \u00e9conomistes\" href=\"https:\/\/www.asso-unil.ch\/grc\/2012\/11\/leconomie-une-chose-trop-serieuse-pour-etre-laissee-aux-economistes\/\" target=\"_blank\">Continue reading ?<strong><\/strong>\u00a0?<\/a><\/p>\n<h2><strong>Ins\u00e9curit\u00e9, mendicit\u00e9, roms\u2026 On m\u00e9lange tout!<\/strong><\/h2>\n<p><strong>Discussion-d\u00e9bat avec V\u00e9ra Tch\u00e9r\u00e9missinoff, militante et fondatrice de l&rsquo;association \u00ab\u00a0Opre rom\u00a0\u00bb, et Yves Leresche, photographe<\/strong><br \/>\n<strong>Jeudi\u00a0 29 novembre 2012, 17h15,<br \/>\nSalle 3021\u00a0 , Anthropole (Unil)<\/strong><\/p>\n<p>Mardi 27 novembre, le conseil communal et la municipalit\u00e9 auront (r\u00e9-)ouvert un d\u00e9bat sur la mendicit\u00e9 \u00e0 Lausanne. Ce-lui-ci fait suite \u00e0 l&rsquo;initiative communal d\u00e9pos\u00e9e par le Parti Lib\u00e9ral Radical de Lausanne visant \u00e0 interdire la mendicit\u00e9, et au contre-projet \u00e0 ladite initiative propos\u00e9 par la Municipalit\u00e9 de la ville. Sujet politique brulant d&rsquo;actualit\u00e9, il enflamme depuis plusieurs mois les sc\u00e8nes politique et m\u00e9diatique r\u00e9gionales. D\u00e8s lors, sentiments d&rsquo;ins\u00e9curit\u00e9, pr\u00e9jug\u00e9s, et discours d\u00e9magogiques sont des lots quotidiens, et nous assistons \u00e0 des confusions insoutenables, amalgamant mendiants et gens du voyages, associant des r\u00e9seaux humains \u00e0 des mafias et stigmatisant une population dont le seul crime serait de tendre la main.<\/p>\n<p><a title=\"Ins\u00e9curit\u00e9, mendicit\u00e9, roms\u2026 On m\u00e9lange tout!\" href=\"https:\/\/www.asso-unil.ch\/grc\/2012\/11\/insecurite-mendicite-roms-on-melange-tout\/\" target=\"_blank\">Continue reading ?<strong><\/strong>\u00a0?<\/a><\/p>\n<h1>Les luttes en faveurs des droits homosexuel-le-s : Pass\u00e9 et futur d\u2019un combat<\/h1>\n<p><strong>Conf\u00e9rence avec Thierry Delessert<\/strong><br \/>\n<strong>Jeudi\u00a0 13 d\u00e9cembre 2012, 17h15,<br \/>\nSalle 4021\u00a0 , Anthropole (Unil)<\/strong><\/p>\n<p>Depuis le d\u00e9but du semestre les m\u00e9dias fran\u00e7ais ont largement parl\u00e9 d\u2019un projet port\u00e9 par la pr\u00e9sidence socialiste de M. Hollande : Le mariage pour tous. Celui-ci instaurerait des droits \u00e9gaux entre les couples h\u00e9t\u00e9ros et homosexuels sur le territoire fran\u00e7ais. Mais cette r\u00e9forme du droit est aussi fortement combattue par des groupes d\u2019int\u00e9r\u00eats proches des milieux religieux conservateurs.<\/p>\n<p><a title=\"Les luttes en faveurs des droits homosexuel-le-s : Pass\u00e9 et futur d\u2019un combat\" href=\"https:\/\/www.asso-unil.ch\/grc\/2012\/12\/803\/\" target=\"_blank\">Continue reading ?<strong><\/strong>\u00a0?<\/a><\/p>\n","protected":false},"excerpt":{"rendered":"<p>SEANCES DES MOIS DE NOVEMBRE ET DECEMBRE Nos prochaines s\u00e9ances sont consacr\u00e9es \u00e0 des conf\u00e9rences-d\u00e9bats portant aussi bien sur l&rsquo;actualit\u00e9 de ces derniers mois que sur l&rsquo;importance d&rsquo;anciennes luttes. Nous &hellip; <\/p>\n","protected":false},"author":14,"featured_media":0,"comment_status":"closed","ping_status":"closed","sticky":false,"template":"","format":"standard","meta":{"_seopress_robots_primary_cat":"","_seopress_titles_title":"","_seopress_titles_desc":"","_seopress_robots_index":"","footnotes":""},"categories":[1],"tags":[],"class_list":{"0":"post-809","1":"post","2":"type-post","3":"status-publish","4":"format-standard","6":"category-uncategorized"},"_links":{"self":[{"href":"https:\/\/www.asso-unil.ch\/grc\/wp-json\/wp\/v2\/posts\/809","targetHints":{"allow":["GET"]}}],"collection":[{"href":"https:\/\/www.asso-unil.ch\/grc\/wp-json\/wp\/v2\/posts"}],"about":[{"href":"https:\/\/www.asso-unil.ch\/grc\/wp-json\/wp\/v2\/types\/post"}],"author":[{"embeddable":true,"href":"https:\/\/www.asso-unil.ch\/grc\/wp-json\/wp\/v2\/users\/14"}],"replies":[{"embeddable":true,"href":"https:\/\/www.asso-unil.ch\/grc\/wp-json\/wp\/v2\/comments?post=809"}],"version-history":[{"count":0,"href":"https:\/\/www.asso-unil.ch\/grc\/wp-json\/wp\/v2\/posts\/809\/revisions"}],"wp:attachment":[{"href":"https:\/\/www.asso-unil.ch\/grc\/wp-json\/wp\/v2\/media?parent=809"}],"wp:term":[{"taxonomy":"category","embeddable":true,"href":"https:\/\/www.asso-unil.ch\/grc\/wp-json\/wp\/v2\/categories?post=809"},{"taxonomy":"post_tag","embeddable":true,"href":"https:\/\/www.asso-unil.ch\/grc\/wp-json\/wp\/v2\/tags?post=809"}],"curies":[{"name":"wp","href":"https:\/\/api.w.org\/{rel}","templated":true}]}}