{"id":803,"date":"2012-12-11T09:00:34","date_gmt":"2012-12-11T08:00:34","guid":{"rendered":"http:\/\/www.asso-unil.ch\/grc\/?p=803"},"modified":"2012-12-11T09:00:51","modified_gmt":"2012-12-11T08:00:51","slug":"803","status":"publish","type":"post","link":"https:\/\/www.asso-unil.ch\/grc\/2012\/12\/803\/","title":{"rendered":"Les luttes en faveurs des droits homosexuel-le-s : Pass\u00e9 et futur d\u2019un combat"},"content":{"rendered":"<p><strong>Conf\u00e9rence avec Thierry Delessert<\/strong><br \/>\n<strong>Jeudi\u00a0 13 d\u00e9cembre 2012, 17h15,<br \/>\nSalle 4021\u00a0 , Anthropole (Unil)<\/strong><\/p>\n<p>Depuis le d\u00e9but du semestre les m\u00e9dias fran\u00e7ais ont largement parl\u00e9 d\u2019un projet port\u00e9 par la pr\u00e9sidence socialiste de M. Hollande : Le mariage pour tous. Celui-ci instaurerait des droits \u00e9gaux entre les couples h\u00e9t\u00e9ros et homosexuels sur le territoire fran\u00e7ais. Mais cette r\u00e9forme du droit est aussi fortement combattue par des groupes d\u2019int\u00e9r\u00eats proches des milieux religieux conservateurs.<\/p>\n<p>Le GRC a donc souhait\u00e9 organiser une s\u00e9ance sur les luttes en faveurs de droits des homosexuel-le-s en Suisse. Pour intervenir dans le cadre de cette conf\u00e9rence nous avons invit\u00e9 M. Thierry Delessert, Ma\u00eetre assistant suppl\u00e9ant en \u00e9tudes genre. Cette conf\u00e9rence sera l\u2019occasion de revenir sur le bilan du militantisme pass\u00e9 de la cause gay et lesbienne. De quand datent ces luttes et dans quel contexte s\u2019inscrivent-elles ? Quelles furent les revendications port\u00e9es devant le public ? Mais nous souhaitons aussi savoir quelles seront les luttes futures. Le mariage pour tous est-il une priorit\u00e9 des mobilisations en Suisse ? Qu\u2019en est-il de l\u2019\u00e9galit\u00e9 des droits pour tous malgr\u00e9 les diff\u00e9rences d\u2019orientations sexuelles? La conf\u00e9rence du 13 d\u00e9cembre sera l\u2019occasion de r\u00e9pondre \u00e0 ces questions.<\/p>\n","protected":false},"excerpt":{"rendered":"<p>Conf\u00e9rence avec Thierry Delessert Jeudi\u00a0 13 d\u00e9cembre 2012, 17h15, Salle 4021\u00a0 , Anthropole (Unil) Depuis le d\u00e9but du semestre les m\u00e9dias fran\u00e7ais ont largement parl\u00e9 d\u2019un projet port\u00e9 par la &hellip; <\/p>\n","protected":false},"author":14,"featured_media":0,"comment_status":"closed","ping_status":"closed","sticky":false,"template":"","format":"standard","meta":{"_seopress_robots_primary_cat":"","_seopress_titles_title":"","_seopress_titles_desc":"","_seopress_robots_index":"","footnotes":""},"categories":[5],"tags":[37,38],"class_list":{"0":"post-803","1":"post","2":"type-post","3":"status-publish","4":"format-standard","6":"category-conference-debat","7":"tag-homosexualite","8":"tag-lgbti"},"_links":{"self":[{"href":"https:\/\/www.asso-unil.ch\/grc\/wp-json\/wp\/v2\/posts\/803","targetHints":{"allow":["GET"]}}],"collection":[{"href":"https:\/\/www.asso-unil.ch\/grc\/wp-json\/wp\/v2\/posts"}],"about":[{"href":"https:\/\/www.asso-unil.ch\/grc\/wp-json\/wp\/v2\/types\/post"}],"author":[{"embeddable":true,"href":"https:\/\/www.asso-unil.ch\/grc\/wp-json\/wp\/v2\/users\/14"}],"replies":[{"embeddable":true,"href":"https:\/\/www.asso-unil.ch\/grc\/wp-json\/wp\/v2\/comments?post=803"}],"version-history":[{"count":0,"href":"https:\/\/www.asso-unil.ch\/grc\/wp-json\/wp\/v2\/posts\/803\/revisions"}],"wp:attachment":[{"href":"https:\/\/www.asso-unil.ch\/grc\/wp-json\/wp\/v2\/media?parent=803"}],"wp:term":[{"taxonomy":"category","embeddable":true,"href":"https:\/\/www.asso-unil.ch\/grc\/wp-json\/wp\/v2\/categories?post=803"},{"taxonomy":"post_tag","embeddable":true,"href":"https:\/\/www.asso-unil.ch\/grc\/wp-json\/wp\/v2\/tags?post=803"}],"curies":[{"name":"wp","href":"https:\/\/api.w.org\/{rel}","templated":true}]}}