{"id":798,"date":"2012-11-28T09:09:09","date_gmt":"2012-11-28T08:09:09","guid":{"rendered":"http:\/\/www.asso-unil.ch\/grc\/?p=798"},"modified":"2012-11-28T09:09:09","modified_gmt":"2012-11-28T08:09:09","slug":"insecurite-mendicite-roms-on-melange-tout","status":"publish","type":"post","link":"https:\/\/www.asso-unil.ch\/grc\/2012\/11\/insecurite-mendicite-roms-on-melange-tout\/","title":{"rendered":"Ins\u00e9curit\u00e9, mendicit\u00e9, roms\u2026 On m\u00e9lange tout!"},"content":{"rendered":"<h2><strong>Ins\u00e9curit\u00e9, mendicit\u00e9, roms\u2026 On m\u00e9lange tout!<\/strong><\/h2>\n<p><strong>Discussion-d\u00e9bat avec V\u00e9ra Tch\u00e9r\u00e9missinoff, militante et fondatrice de l&rsquo;association \u00ab\u00a0Opre rom\u00a0\u00bb, et Yves Leresche, photographe<\/strong><br \/>\n<strong>Jeudi\u00a0 29 novembre 2012, 17h15,<br \/>\nSalle 3021\u00a0 , Anthropole (Unil)<\/strong><\/p>\n<p>Mardi 27 novembre, le conseil communal et la municipalit\u00e9 auront (r\u00e9-)ouvert un d\u00e9bat sur la mendicit\u00e9 \u00e0 Lausanne. Ce-lui-ci fait suite \u00e0 l&rsquo;initiative communal d\u00e9pos\u00e9e par le Parti Lib\u00e9ral Radical de Lausanne visant \u00e0 interdire la mendicit\u00e9, et au contre-projet \u00e0 ladite initiative propos\u00e9 par la Municipalit\u00e9 de la ville. Sujet politique brulant d&rsquo;actualit\u00e9, il enflamme depuis plusieurs mois les sc\u00e8nes politique et m\u00e9diatique r\u00e9gionales. D\u00e8s lors, sentiments d&rsquo;ins\u00e9curit\u00e9, pr\u00e9jug\u00e9s, et discours d\u00e9magogiques sont des lots quotidiens, et nous assistons \u00e0 des confusions insoutenables, amalgamant mendiants et gens du voyages, associant des r\u00e9seaux humains \u00e0 des mafias et stigmatisant une population dont le seul crime serait de tendre la main.<\/p>\n<p>Pour d\u00e9construire ces discours et pour \u00e9claircir la situation, venez en d\u00e9battre avec nous, suite \u00e0 la pr\u00e9sentation de nos deux intervenant.e.s. V\u00e9ra Tch\u00e9r\u00e9missinoff est militante de longue date dans l&rsquo;association Opre rom, qui d\u00e9fend \u00e0 Lausanne les droits de la communaut\u00e9 rom, et Yves Leresche est photographe. Il observe depuis 1994 les communaut\u00e9s romps d&rsquo;Europe de l&rsquo;Est et des Balkans. Il \u00e0 notamment suivi dans leurs exp\u00e9ditions des romps vivant entre la Roumanie et Lausanne.<\/p>\n<p>Pour plus d&rsquo;infos sur cette th\u00e9matique:<br \/>\n<a href=\"https:\/\/webmail.unil.ch\/cgi-bin\/webmail.exe?cmd=url&amp;xdata=%7E2-f14531ff85a2eb1e1524d128f6438bafd38faaf19ce4e2ccd48fd1cf00&amp;url=http%213A%212F%212Fwww.esf.ch%212Fleresche%212F\" target=\"_blank\">https:\/\/www.esf.ch\/leresche\/<\/a><br \/>\n<a href=\"https:\/\/webmail.unil.ch\/cgi-bin\/webmail.exe?cmd=url&amp;xdata=%7E2-f14531ff85a2eb1e1524d128f6438bafd38faaf19ce4e2ccd48fd1cf00&amp;url=http%213A%212F%212Fwww.oprerrom.org%212Findex.html\" target=\"_blank\">https:\/\/www.oprerrom.org\/index.html<\/a><\/p>\n","protected":false},"excerpt":{"rendered":"<p>Ins\u00e9curit\u00e9, mendicit\u00e9, roms\u2026 On m\u00e9lange tout! Discussion-d\u00e9bat avec V\u00e9ra Tch\u00e9r\u00e9missinoff, militante et fondatrice de l&rsquo;association \u00ab\u00a0Opre rom\u00a0\u00bb, et Yves Leresche, photographe Jeudi\u00a0 29 novembre 2012, 17h15, Salle 3021\u00a0 , Anthropole &hellip; <\/p>\n","protected":false},"author":14,"featured_media":0,"comment_status":"closed","ping_status":"closed","sticky":false,"template":"","format":"standard","meta":{"_seopress_robots_primary_cat":"","_seopress_titles_title":"","_seopress_titles_desc":"","_seopress_robots_index":"","footnotes":""},"categories":[1],"tags":[],"class_list":{"0":"post-798","1":"post","2":"type-post","3":"status-publish","4":"format-standard","6":"category-uncategorized"},"_links":{"self":[{"href":"https:\/\/www.asso-unil.ch\/grc\/wp-json\/wp\/v2\/posts\/798","targetHints":{"allow":["GET"]}}],"collection":[{"href":"https:\/\/www.asso-unil.ch\/grc\/wp-json\/wp\/v2\/posts"}],"about":[{"href":"https:\/\/www.asso-unil.ch\/grc\/wp-json\/wp\/v2\/types\/post"}],"author":[{"embeddable":true,"href":"https:\/\/www.asso-unil.ch\/grc\/wp-json\/wp\/v2\/users\/14"}],"replies":[{"embeddable":true,"href":"https:\/\/www.asso-unil.ch\/grc\/wp-json\/wp\/v2\/comments?post=798"}],"version-history":[{"count":0,"href":"https:\/\/www.asso-unil.ch\/grc\/wp-json\/wp\/v2\/posts\/798\/revisions"}],"wp:attachment":[{"href":"https:\/\/www.asso-unil.ch\/grc\/wp-json\/wp\/v2\/media?parent=798"}],"wp:term":[{"taxonomy":"category","embeddable":true,"href":"https:\/\/www.asso-unil.ch\/grc\/wp-json\/wp\/v2\/categories?post=798"},{"taxonomy":"post_tag","embeddable":true,"href":"https:\/\/www.asso-unil.ch\/grc\/wp-json\/wp\/v2\/tags?post=798"}],"curies":[{"name":"wp","href":"https:\/\/api.w.org\/{rel}","templated":true}]}}