{"id":789,"date":"2012-11-12T12:18:49","date_gmt":"2012-11-12T11:18:49","guid":{"rendered":"http:\/\/www.asso-unil.ch\/grc\/?p=789"},"modified":"2012-11-12T12:18:49","modified_gmt":"2012-11-12T11:18:49","slug":"seances-des-mois-de-septembre-et-octobre","status":"publish","type":"post","link":"https:\/\/www.asso-unil.ch\/grc\/2012\/11\/seances-des-mois-de-septembre-et-octobre\/","title":{"rendered":"SEANCES DES MOIS DE SEPTEMBRE ET OCTOBRE"},"content":{"rendered":"<div>\n<p>Nos s\u00e9ances recommencent \u00e0 la rentr\u00e9e universitaire avec la s\u00e9ance du 27 septembre. Si vous \u00eates int\u00e9ress\u00e9-e-s \u00e0 participer \u00e0 l&rsquo;organisation des s\u00e9ances du GRC \u00e0 la rentr\u00e9e, n&rsquo;h\u00e9sitez pas \u00e0 nous contacter! grc@unil.ch<\/p>\n<h2>SEANCES DES MOIS DE SEPTEMBRE ET OCTOBRE<\/h2>\n<\/div>\n<div>\n<p>Nos prochaines s\u00e9ances sont consacr\u00e9es \u00e0 des conf\u00e9rences-d\u00e9bats portant aussi bien sur l&rsquo;actualit\u00e9 de ces derniers mois que sur l&rsquo;importance d&rsquo;anciennes luttes. Nous discuterons donc de la Syrie. Comment peut-on qualifier le conflit sanglant entre le pouvoir et les r\u00e9volt\u00e9s? Mais nous parlerons aussi de l&rsquo;opportunit\u00e9 du salaire minimum et de la gr\u00e8ve de la Boillat. Pour en discuter et ouvrir le d\u00e9bat, nous invitons\u00a0 des intellectuel-lle-s et\/ou des militant-e-s qui sont au coeur des r\u00e9flexions et actions actuelles.<\/p>\n<\/div>\n<div><\/div>\n<h2><strong>Syrie: r\u00e9volution ou guerre civile?<\/strong><\/h2>\n<p><strong>Conf\u00e9rence<\/strong><br \/>\n<strong>Jeudi 27 septembre 2012, 17h15,<br \/>\nSalle\u00a02055\u00a0 , Anthropole (Unil)<\/strong><\/p>\n<p>Joseph Daher, le conf\u00e9rencier, est doctorant et assistant \u00e0 l&rsquo;Universit\u00e9 de Lausanne. Il est aussi activiste et a publi\u00e9 de nombreux articles pour diff\u00e9rents sites web et journaux. Il est le co-auteur du livre The People Demand : A short history of the Arab Revolutions, co-fondateur du blog Cafe Thawra (cafethawrarevolution.wordpress.com) et fondateur du blog Syria Freedom Forever (syriafreedomforever.wordpress.com).<a title=\"Syrie: r\u00e9volution ou guerre civile?\" href=\"https:\/\/www.asso-unil.ch\/grc\/2012\/09\/syrie-revolution-ou-guerre-civile\/\" target=\"_blank\">Continue reading ?<\/a><strong><\/strong><\/p>\n<p>&nbsp;<\/p>\n<h2><strong>La Boillat vivra!<\/strong><br \/>\n<strong><\/strong><\/h2>\n<p><strong>Projection d&rsquo;un documentaire<\/strong><br \/>\n<strong>Jeudi 4 octobre 2012, 17h15,<br \/>\nSalle 4088\u00a0 , Anthropole (Unil)<\/strong><\/p>\n<p>C\u2019est l\u2019histoire d\u2019une vall\u00e9e verte de l\u2019Helv\u00e9tie. Ces habitants vivaient heureux, au moins, autant qu\u2019on peut l\u2019\u00eatre en Suisse. Fond\u00e9e en 1855, la fonderie Boillat deviendra le joyau industriel de cette vall\u00e9e. Au pays de la paix du travail, patrons et travailleurs semblaient<br \/>\nembarqu\u00e9s dans une aventure commune.)<a title=\"Des r\u00e9sistances sociales en Suisse? Mais pourquoi?\" href=\"https:\/\/www.asso-unil.ch\/grc\/2012\/09\/des-resistances-sociales-en-suisse-mais-pourquoi\/\" target=\"_blank\"> Continue reading ?<strong><\/strong>\u00a0<\/a><\/p>\n<p>&nbsp;<\/p>\n<h2><strong>Un salaire minimum en Suisse, une bonne id\u00e9e?<\/strong><\/h2>\n<p><strong>Discussion-d\u00e9bat<\/strong><br \/>\n<strong>Jeudi 11 octobre 2012, 17h15,<br \/>\nSalle 4088\u00a0 , Anthropole (Unil)<\/strong><\/p>\n<p>Le saviez-vous ?<br \/>\nEn Suisse, certaines personnes travaillent 45 heures par semaine et ne gagnent que 2700 francs. C\u2019est le cas dans certains magasins de chaussures ou dans des petites boutiques. Dans l\u2019horlogerie, on trouve encore des salaires de moins de 3000 francs. Dans ce contexte, le nombre de \u00ab\u00a0working poors\u00a0\u00bb ne fait qu&rsquo;augmenter, ayant le triste seuil des 400&rsquo;000 personnes l&rsquo;ann\u00e9e derni\u00e8re (dont 80% de femmes, et 60% d&rsquo;immigr\u00e9.e.s). Ces personnes travaillent \u00e0 temps plein et n&rsquo;ont pourtant pas les moyens de vivre dignement. Cette situation est due \u00e0 la loi f\u00e9d\u00e9rale suisse, l&rsquo;une des rares d&rsquo;Europe dans laquelle ne figure aucune norme pour un salaire minimum.<a title=\"Discussion sur le salaire minimum\" href=\"https:\/\/www.asso-unil.ch\/grc\/2012\/09\/737\/\" target=\"_blank\">Continue reading ?<strong><\/strong>\u00a0?<\/a><\/p>\n<h2>lecture collective \u00ab\u00a0Capitalisme, \u00e9panouissement des individus?\u00a0\u00bb<\/h2>\n<p><strong>Discussion sur un texte<\/strong><br \/>\n<strong>Jeudi 18 octobre, 17h15<br \/>\nSalle 4088, Anthropole (Unil)<\/strong><\/p>\n<p>ce jeudi 18 octobre 2012, \u00e0 17h15, salle 4088, Anthropole, nous vous proposons de venir discuter sur le th\u00e8me suivant:<\/p>\n<p>Le capitalisme, \u00e9panouissement des individus<a title=\"lecture collective \u00ab\u00a0Capitalisme, \u00e9panouissement des individus?\u00a0\u00bb\" href=\"https:\/\/www.asso-unil.ch\/grc\/2012\/10\/lecture-collective-capitalisme-epanouissement-des-individus\/\" target=\"_blank\">Continue reading ?<strong><\/strong>\u00a0?<\/a><\/p>\n","protected":false},"excerpt":{"rendered":"<p>Nos s\u00e9ances recommencent \u00e0 la rentr\u00e9e universitaire avec la s\u00e9ance du 27 septembre. Si vous \u00eates int\u00e9ress\u00e9-e-s \u00e0 participer \u00e0 l&rsquo;organisation des s\u00e9ances du GRC \u00e0 la rentr\u00e9e, n&rsquo;h\u00e9sitez pas &hellip; <\/p>\n","protected":false},"author":14,"featured_media":0,"comment_status":"closed","ping_status":"closed","sticky":false,"template":"","format":"standard","meta":{"_seopress_robots_primary_cat":"","_seopress_titles_title":"","_seopress_titles_desc":"","_seopress_robots_index":"","footnotes":""},"categories":[1],"tags":[],"class_list":{"0":"post-789","1":"post","2":"type-post","3":"status-publish","4":"format-standard","6":"category-uncategorized"},"_links":{"self":[{"href":"https:\/\/www.asso-unil.ch\/grc\/wp-json\/wp\/v2\/posts\/789","targetHints":{"allow":["GET"]}}],"collection":[{"href":"https:\/\/www.asso-unil.ch\/grc\/wp-json\/wp\/v2\/posts"}],"about":[{"href":"https:\/\/www.asso-unil.ch\/grc\/wp-json\/wp\/v2\/types\/post"}],"author":[{"embeddable":true,"href":"https:\/\/www.asso-unil.ch\/grc\/wp-json\/wp\/v2\/users\/14"}],"replies":[{"embeddable":true,"href":"https:\/\/www.asso-unil.ch\/grc\/wp-json\/wp\/v2\/comments?post=789"}],"version-history":[{"count":0,"href":"https:\/\/www.asso-unil.ch\/grc\/wp-json\/wp\/v2\/posts\/789\/revisions"}],"wp:attachment":[{"href":"https:\/\/www.asso-unil.ch\/grc\/wp-json\/wp\/v2\/media?parent=789"}],"wp:term":[{"taxonomy":"category","embeddable":true,"href":"https:\/\/www.asso-unil.ch\/grc\/wp-json\/wp\/v2\/categories?post=789"},{"taxonomy":"post_tag","embeddable":true,"href":"https:\/\/www.asso-unil.ch\/grc\/wp-json\/wp\/v2\/tags?post=789"}],"curies":[{"name":"wp","href":"https:\/\/api.w.org\/{rel}","templated":true}]}}