{"id":758,"date":"2012-10-18T10:02:29","date_gmt":"2012-10-18T08:02:29","guid":{"rendered":"http:\/\/www.asso-unil.ch\/grc\/?p=758"},"modified":"2012-10-18T10:02:29","modified_gmt":"2012-10-18T08:02:29","slug":"lecture-collective-capitalisme-epanouissement-des-individus","status":"publish","type":"post","link":"https:\/\/www.asso-unil.ch\/grc\/2012\/10\/lecture-collective-capitalisme-epanouissement-des-individus\/","title":{"rendered":"lecture collective \u00ab\u00a0Capitalisme, \u00e9panouissement des individus?\u00a0\u00bb"},"content":{"rendered":"<p><strong>Discussion sur un texte<\/strong><br \/>\n<strong>Jeudi 18 octobre, 17h15<br \/>\nSalle 4088, Anthropole (Unil)<\/strong><\/p>\n<p>ce jeudi 18 octobre 2012, \u00e0 17h15, salle 4088, Anthropole, nous vous proposons de venir discuter sur le th\u00e8me suivant:<\/p>\n<p>Le capitalisme, \u00e9panouissement des individus?<\/p>\n<p>Les n\u00e9o-lib\u00e9raux sont-ils les seuls d\u00e9fenseurs de l&rsquo;individu? Ceux qui tiennent \u00e0 la solidarit\u00e9, \u00e0 la justice sociale et la protection de l&rsquo;environnement doivent-ils choisir le collectif contre l&rsquo;individuel? Autour d&rsquo;un livre qui r\u00e9pond \u00ab\u00a0non\u00a0\u00bb \u00e0 cette question, r\u00e9fl\u00e9chissons ensemble \u00e0 la mani\u00e8re d&rsquo;associer ces exigences et les aspirations \u00e0 l&rsquo;autonomie, \u00e0 la reconnaissance, \u00e0 l&rsquo;\u00e9panouissement et \u00e0 la cr\u00e9ativit\u00e9 personnelle.<\/p>\n<p>Nous discuterons autour des premiers chapitres de l\u2019ouvrage collectif, \u00e9dit\u00e9 par l&rsquo;association altermondialiste Attac, \u00ab\u00a0Le capitalisme contre les individus\u00a0\u00bb, 2010.<\/p>\n<p>Si vous souhaitez participer \u00e0 cette s\u00e9ance et recevoir le texte vous pouvez \u00e9crire \u00e0 l&rsquo;association sur cette adresse: grc@unil.ch<\/p>\n","protected":false},"excerpt":{"rendered":"<p>Discussion sur un texte Jeudi 18 octobre, 17h15 Salle 4088, Anthropole (Unil) ce jeudi 18 octobre 2012, \u00e0 17h15, salle 4088, Anthropole, nous vous proposons de venir discuter sur le &hellip; <\/p>\n","protected":false},"author":14,"featured_media":0,"comment_status":"closed","ping_status":"closed","sticky":false,"template":"","format":"standard","meta":{"_seopress_robots_primary_cat":"","_seopress_titles_title":"","_seopress_titles_desc":"","_seopress_robots_index":"","footnotes":""},"categories":[1],"tags":[],"class_list":{"0":"post-758","1":"post","2":"type-post","3":"status-publish","4":"format-standard","6":"category-uncategorized"},"_links":{"self":[{"href":"https:\/\/www.asso-unil.ch\/grc\/wp-json\/wp\/v2\/posts\/758","targetHints":{"allow":["GET"]}}],"collection":[{"href":"https:\/\/www.asso-unil.ch\/grc\/wp-json\/wp\/v2\/posts"}],"about":[{"href":"https:\/\/www.asso-unil.ch\/grc\/wp-json\/wp\/v2\/types\/post"}],"author":[{"embeddable":true,"href":"https:\/\/www.asso-unil.ch\/grc\/wp-json\/wp\/v2\/users\/14"}],"replies":[{"embeddable":true,"href":"https:\/\/www.asso-unil.ch\/grc\/wp-json\/wp\/v2\/comments?post=758"}],"version-history":[{"count":0,"href":"https:\/\/www.asso-unil.ch\/grc\/wp-json\/wp\/v2\/posts\/758\/revisions"}],"wp:attachment":[{"href":"https:\/\/www.asso-unil.ch\/grc\/wp-json\/wp\/v2\/media?parent=758"}],"wp:term":[{"taxonomy":"category","embeddable":true,"href":"https:\/\/www.asso-unil.ch\/grc\/wp-json\/wp\/v2\/categories?post=758"},{"taxonomy":"post_tag","embeddable":true,"href":"https:\/\/www.asso-unil.ch\/grc\/wp-json\/wp\/v2\/tags?post=758"}],"curies":[{"name":"wp","href":"https:\/\/api.w.org\/{rel}","templated":true}]}}