{"id":720,"date":"2012-09-13T14:52:06","date_gmt":"2012-09-13T12:52:06","guid":{"rendered":"http:\/\/www.asso-unil.ch\/grc\/?p=720"},"modified":"2012-09-13T14:57:50","modified_gmt":"2012-09-13T12:57:50","slug":"des-resistances-sociales-en-suisse-mais-pourquoi","status":"publish","type":"post","link":"https:\/\/www.asso-unil.ch\/grc\/2012\/09\/des-resistances-sociales-en-suisse-mais-pourquoi\/","title":{"rendered":"Des r\u00e9sistances sociales en Suisse? Mais pourquoi?"},"content":{"rendered":"<h2><span style=\"color: #ff0000\"><strong>La Boillat vivra!<\/strong><\/span><a href=\"https:\/\/www.asso-unil.ch\/grc\/files\/2012\/09\/Affiche.jpg\"><img alt=\"\" loading=\"lazy\" decoding=\"async\" class=\"alignright size-medium wp-image-734\" src=\"https:\/\/www.asso-unil.ch\/grc\/files\/2012\/09\/Affiche-212x300.jpg\" alt=\"\" width=\"212\" height=\"300\" srcset=\"https:\/\/www.asso-unil.ch\/grc\/files\/2012\/09\/Affiche-212x300.jpg 212w, https:\/\/www.asso-unil.ch\/grc\/files\/2012\/09\/Affiche-726x1024.jpg 726w, https:\/\/www.asso-unil.ch\/grc\/files\/2012\/09\/Affiche.jpg 800w\" sizes=\"auto, (max-width: 212px) 100vw, 212px\" \/><\/a><br \/>\n<strong><\/strong><\/h2>\n<p><strong>Projection d&rsquo;un documentaire<\/strong><br \/>\n<strong>Jeudi 4 octobre 2012, 17h15,<br \/>\nSalle 4088\u00a0 , Anthropole (Unil)<\/strong><\/p>\n<p>C\u2019est l\u2019histoire d\u2019une vall\u00e9e verte de l\u2019Helv\u00e9tie. Ces habitants vivaient heureux, au moins, autant qu\u2019on peut l\u2019\u00eatre en Suisse. Fond\u00e9e en 1855, la fonderie Boillat deviendra le joyau industriel de cette vall\u00e9e. Au pays de la paix du travail, patrons et travailleurs semblaient<br \/>\nembarqu\u00e9s dans une aventure commune. Oubli\u00e9e l\u2019exploitation, oubli\u00e9es les revendications des ouvriers?<br \/>\nAu d\u00e9but de l\u2019ann\u00e9e 2006, soudainement ou presque, 350 employ\u00e9s de l\u2019entreprise Boillat<br \/>\nse mettent en gr\u00e8ve. Cadres et employ\u00e9s, appuy\u00e9s par la population, s\u2019opposent \u00e0 leur<br \/>\ndirection. Que s\u2019est-il donc pass\u00e9? Comment travailleurs et travailleuses en sont-ils venus \u00e0 cette action? L\u2019accord entre ouvriers et patrons n\u2019\u00e9tait-il donc qu&rsquo;illusoire?<\/p>\n<p>Daniel K\u00fcnzi a r\u00e9alis\u00e9 ce documentaire en 2006. Il est n\u00e9 en 1958 et s\u2019int\u00e9resse aussi bien \u00e0 la production radiophonique que filmographique.<\/p>\n<p>Site web de Daniel K\u00fcnzi <strong><a title=\"Danil K\u00fcnzi\" href=\"https:\/\/www.danielkunzi.ch\/\" target=\"_blank\">ici<\/a><\/strong><\/p>\n<p>Site web sur le conflit de la Boyat <strong><a title=\"Le site d'informations du conflit de la Boillat et Swissmetal\" href=\"https:\/\/jb.zonez.ch\/index.php?index\" target=\"_blank\">ici<\/a><\/strong><\/p>\n","protected":false},"excerpt":{"rendered":"<p>La Boillat vivra! Projection d&rsquo;un documentaire Jeudi 4 octobre 2012, 17h15, Salle 4088\u00a0 , Anthropole (Unil) C\u2019est l\u2019histoire d\u2019une vall\u00e9e verte de l\u2019Helv\u00e9tie. Ces habitants vivaient heureux, au moins, autant &hellip; <\/p>\n","protected":false},"author":14,"featured_media":0,"comment_status":"closed","ping_status":"closed","sticky":false,"template":"","format":"standard","meta":{"_seopress_robots_primary_cat":"","_seopress_titles_title":"","_seopress_titles_desc":"","_seopress_robots_index":"","footnotes":""},"categories":[6],"tags":[],"class_list":{"0":"post-720","1":"post","2":"type-post","3":"status-publish","4":"format-standard","6":"category-documentaire"},"_links":{"self":[{"href":"https:\/\/www.asso-unil.ch\/grc\/wp-json\/wp\/v2\/posts\/720","targetHints":{"allow":["GET"]}}],"collection":[{"href":"https:\/\/www.asso-unil.ch\/grc\/wp-json\/wp\/v2\/posts"}],"about":[{"href":"https:\/\/www.asso-unil.ch\/grc\/wp-json\/wp\/v2\/types\/post"}],"author":[{"embeddable":true,"href":"https:\/\/www.asso-unil.ch\/grc\/wp-json\/wp\/v2\/users\/14"}],"replies":[{"embeddable":true,"href":"https:\/\/www.asso-unil.ch\/grc\/wp-json\/wp\/v2\/comments?post=720"}],"version-history":[{"count":0,"href":"https:\/\/www.asso-unil.ch\/grc\/wp-json\/wp\/v2\/posts\/720\/revisions"}],"wp:attachment":[{"href":"https:\/\/www.asso-unil.ch\/grc\/wp-json\/wp\/v2\/media?parent=720"}],"wp:term":[{"taxonomy":"category","embeddable":true,"href":"https:\/\/www.asso-unil.ch\/grc\/wp-json\/wp\/v2\/categories?post=720"},{"taxonomy":"post_tag","embeddable":true,"href":"https:\/\/www.asso-unil.ch\/grc\/wp-json\/wp\/v2\/tags?post=720"}],"curies":[{"name":"wp","href":"https:\/\/api.w.org\/{rel}","templated":true}]}}