{"id":672,"date":"2012-07-05T14:44:53","date_gmt":"2012-07-05T12:44:53","guid":{"rendered":"http:\/\/www.asso-unil.ch\/grc\/?p=672"},"modified":"2012-09-13T14:10:32","modified_gmt":"2012-09-13T12:10:32","slug":"seances-des-mois-davril-et-mai","status":"publish","type":"post","link":"https:\/\/www.asso-unil.ch\/grc\/2012\/07\/seances-des-mois-davril-et-mai\/","title":{"rendered":"S\u00e9ances des mois d&rsquo;avril-mai 2012"},"content":{"rendered":"<div>\n<p>Nos prochaines s\u00e9ances sont consacr\u00e9es \u00e0 des conf\u00e9rences-d\u00e9bats portant sur la crise environnementale et les diff\u00e9rents courants de pens\u00e9e qui tentent d\u2019y apporter des solutions. Quels sont ces diff\u00e9rents courants ? Quels sont leurs diff\u00e9rences et leurs points communs ? Quels sont leurs propositions phares et comment peuvent-elles \u00eatre mises en oeuvre ? Pour en discuter et ouvrir le d\u00e9bat, nous invitons\u00a0 des intellectuel-lle-s et\/ou des militant-e-s qui sont au coeur des r\u00e9flexions et actions actuelles.<\/p>\n<\/div>\n<div><\/div>\n<div><\/div>\n<h2><strong>MICHAEL L\u00d6WY<\/strong><br \/>\n<strong>Un autre monde est possible: il est \u00e9cologique et socialiste<br \/>\n<\/strong><strong><br \/>\nConf\u00e9rence-d\u00e9bat<\/strong><br \/>\n<strong>Jeudi 26 avril 2012, 17h15<\/strong><strong>,<br \/>\nSalle\u00a02055 , Anthropole (Unil)<\/strong><\/h2>\n<p>Michael L\u00f6wy est un sociologue et philosophe marxiste franco-br\u00e9silien. Il est directeur de recherche \u00e9m\u00e9rite au CNRS et enseigne \u00e0 l\u2019Ecole des hautes \u00e9tudes en sciences sociales (EHESS). Il est l\u2019un des co-fondateurs du r\u00e9seau \u00e9cosocialiste international. <a title=\"Crise de l\u2019environnement et \u00e9cosocialisme: quelles solutions ?\" href=\"..\/2012\/04\/crise-de-lenvironnement-et-ecosocialisme-quelles-solutions\/\">Continue reading ?<\/a><strong><\/strong><\/p>\n<p>&nbsp;<\/p>\n<h2><strong>Les jeunes chiliens ont dit \u2026 Basta\u00a0!!<br \/>\nL\u2019\u00e9ducation est un droit, pas une marchandise<br \/>\n<\/strong><\/h2>\n<p><strong><strong><strong>Avec des repr\u00e9sentantes du Mouvement des \u00e9tudiant-e-s chilien-ne-s<br \/>\n<strong>Sofia Ocampo Torrejon et Marina Popea<\/strong><\/strong><\/strong><\/strong><\/p>\n<h2><strong><strong>Discussion GRC<br \/>\nJeudi 3 mai 2012, 17h15,<br \/>\n<\/strong><\/strong><strong>Salle 4068, Anthropole (Unil)<\/strong><\/h2>\n<p>Chili: le mouvement \u00e9tudiant d\u00e9fie l\u2019ordre n\u00e9o-lib\u00e9ral A trois reprises, les 4, 9 et 18 ao\u00fbt derniers, des dizaines de milliers d\u2019\u00e9tudiant\u00b7e\u00b7s et d\u2019enseignant\u00b7e\u00b7s ont manifest\u00e9 contre la nouvelle loi d\u2019\u00e9ducation n\u00e9o-lib\u00e9rale du gouvernement de Sebasti\u00e1n Pi\u00f1era (droite post-pinochetiste)<a title=\"Les jeunes chiliens ont dit \u2026 Basta !!\" href=\"..\/2012\/04\/les-jeunes-chiliens-ont-dit-basta\/\"> Continue reading ?<strong><\/strong>\u00a0<\/a><\/p>\n<p>&nbsp;<\/p>\n<h2><strong>Les objecteurs de\u00a0croissance: quels chemins nous proposent-ils ? <\/strong><\/h2>\n<p><strong>Avec Yvan Luccarini\u00a0 (Objecteur de croissance, p\u00e8re au foyer, ing\u00e9nieur et \u00e9picier)<\/strong><\/p>\n<h2><strong>Conf\u00e9rence-d\u00e9bat<\/strong><br \/>\n<strong>Jeudi 10 mai 2012, 17h15,<br \/>\nSalle\u00a02055 , Anthropole (Unil)\u00a0<\/strong><\/h2>\n<p>Les objecteur-trice-s de croissance r\u00e9fl\u00e9chissent et s\u2019engagent ensemble \u00e0 l\u2019\u00e9laboration d\u2019alternatives anticapitalistes et antiproductivistes, pour une soci\u00e9t\u00e9 respectueuse des \u00e9quilibres sociaux et \u00e9cologiques de la plan\u00e8te\u00a0\u00a0<a title=\"Les objecteurs de croissance: quels chemins nous proposent-ils ?\" href=\"..\/2012\/04\/les-objecteurs-de-croissance-quels-chemins-nous-proposent-ils\/\">Continue reading ?<strong><\/strong>\u00a0?<\/a><\/p>\n","protected":false},"excerpt":{"rendered":"<p>Nos prochaines s\u00e9ances sont consacr\u00e9es \u00e0 des conf\u00e9rences-d\u00e9bats portant sur la crise environnementale et les diff\u00e9rents courants de pens\u00e9e qui tentent d\u2019y apporter des solutions. Quels sont ces diff\u00e9rents courants &hellip; <\/p>\n","protected":false},"author":7,"featured_media":0,"comment_status":"closed","ping_status":"closed","sticky":false,"template":"","format":"standard","meta":{"_seopress_robots_primary_cat":"","_seopress_titles_title":"","_seopress_titles_desc":"","_seopress_robots_index":"","footnotes":""},"categories":[8],"tags":[],"class_list":{"0":"post-672","1":"post","2":"type-post","3":"status-publish","4":"format-standard","6":"category-environnement"},"_links":{"self":[{"href":"https:\/\/www.asso-unil.ch\/grc\/wp-json\/wp\/v2\/posts\/672","targetHints":{"allow":["GET"]}}],"collection":[{"href":"https:\/\/www.asso-unil.ch\/grc\/wp-json\/wp\/v2\/posts"}],"about":[{"href":"https:\/\/www.asso-unil.ch\/grc\/wp-json\/wp\/v2\/types\/post"}],"author":[{"embeddable":true,"href":"https:\/\/www.asso-unil.ch\/grc\/wp-json\/wp\/v2\/users\/7"}],"replies":[{"embeddable":true,"href":"https:\/\/www.asso-unil.ch\/grc\/wp-json\/wp\/v2\/comments?post=672"}],"version-history":[{"count":0,"href":"https:\/\/www.asso-unil.ch\/grc\/wp-json\/wp\/v2\/posts\/672\/revisions"}],"wp:attachment":[{"href":"https:\/\/www.asso-unil.ch\/grc\/wp-json\/wp\/v2\/media?parent=672"}],"wp:term":[{"taxonomy":"category","embeddable":true,"href":"https:\/\/www.asso-unil.ch\/grc\/wp-json\/wp\/v2\/categories?post=672"},{"taxonomy":"post_tag","embeddable":true,"href":"https:\/\/www.asso-unil.ch\/grc\/wp-json\/wp\/v2\/tags?post=672"}],"curies":[{"name":"wp","href":"https:\/\/api.w.org\/{rel}","templated":true}]}}