{"id":657,"date":"2012-04-16T01:12:01","date_gmt":"2012-04-15T23:12:01","guid":{"rendered":"http:\/\/www.asso-unil.ch\/grc\/?p=657"},"modified":"2012-04-28T21:16:02","modified_gmt":"2012-04-28T19:16:02","slug":"les-objecteurs-de-croissance-quels-chemins-nous-proposent-ils","status":"publish","type":"post","link":"https:\/\/www.asso-unil.ch\/grc\/2012\/04\/les-objecteurs-de-croissance-quels-chemins-nous-proposent-ils\/","title":{"rendered":"Les objecteurs de croissance: quels chemins nous proposent-ils ?"},"content":{"rendered":"<h3><strong>Avec Yvan Luccarini\u00a0 <a href=\"https:\/\/www.asso-unil.ch\/grc\/files\/2012\/04\/Decroissance.jpg\"><img alt=\"\" loading=\"lazy\" decoding=\"async\" class=\"alignright size-full wp-image-658\" src=\"https:\/\/www.asso-unil.ch\/grc\/files\/2012\/04\/Decroissance.jpg\" alt=\"\" width=\"259\" height=\"194\" \/><\/a><br \/>\n<\/strong><strong>Objecteur de croissance, p\u00e8re au foyer, ing\u00e9nieur et \u00e9picier<\/strong><\/h3>\n<p><strong>Conf\u00e9rence-d\u00e9bat<\/strong><br \/>\n<strong>Jeudi 10 mai 2012, 17h15,<br \/>\nSalle\u00a02055 , Anthropole (Unil)\u00a0<\/strong><\/p>\n<p>Les objecteur-trice-s de croissance r\u00e9fl\u00e9chissent et s\u2019engagent ensemble \u00e0 l\u2019\u00e9laboration d\u2019alternatives anticapitalistes et antiproductivistes, pour une soci\u00e9t\u00e9 respectueuse des \u00e9quilibres sociaux et \u00e9cologiques de la plan\u00e8te.<\/p>\n<p>Ils d\u00e9fendent une position critique \u00e0 l\u2019\u00e9gard du concept de d\u00e9veloppement durable et de son (m\u00e9s)usage : toute tentative d\u2019adaptation aux limites de la plan\u00e8te d\u2019un mod\u00e8le fond\u00e9 sur la croissance rel\u00e8ve d\u2019une illusion savamment entretenue, qui ne fait que perp\u00e9tuer les in\u00e9galit\u00e9s et les probl\u00e8mes sociaux existants. Les actions men\u00e9es s\u2019inscrivent dans trois dimensions compl\u00e9mentaires : au niveau individuel, \u00e0 travers la promotion des principes de la simplicit\u00e9 volontaire ; au niveau collectif, par le soutien aux exp\u00e9riences associatives qui \u00e9laborent des alternatives au syst\u00e8me socio-\u00e9conomique dominant; au niveau politique, par la participation au d\u00e9bat public et la diffusion des id\u00e9es de la d\u00e9croissance.<\/p>\n","protected":false},"excerpt":{"rendered":"<p>Avec Yvan Luccarini\u00a0 Objecteur de croissance, p\u00e8re au foyer, ing\u00e9nieur et \u00e9picier Conf\u00e9rence-d\u00e9bat Jeudi 10 mai 2012, 17h15, Salle\u00a02055 , Anthropole (Unil)\u00a0 Les objecteur-trice-s de croissance r\u00e9fl\u00e9chissent et s\u2019engagent ensemble &hellip; <\/p>\n","protected":false},"author":7,"featured_media":0,"comment_status":"closed","ping_status":"closed","sticky":false,"template":"","format":"standard","meta":{"_seopress_robots_primary_cat":"","_seopress_titles_title":"","_seopress_titles_desc":"","_seopress_robots_index":"","footnotes":""},"categories":[1],"tags":[],"class_list":{"0":"post-657","1":"post","2":"type-post","3":"status-publish","4":"format-standard","6":"category-uncategorized"},"_links":{"self":[{"href":"https:\/\/www.asso-unil.ch\/grc\/wp-json\/wp\/v2\/posts\/657","targetHints":{"allow":["GET"]}}],"collection":[{"href":"https:\/\/www.asso-unil.ch\/grc\/wp-json\/wp\/v2\/posts"}],"about":[{"href":"https:\/\/www.asso-unil.ch\/grc\/wp-json\/wp\/v2\/types\/post"}],"author":[{"embeddable":true,"href":"https:\/\/www.asso-unil.ch\/grc\/wp-json\/wp\/v2\/users\/7"}],"replies":[{"embeddable":true,"href":"https:\/\/www.asso-unil.ch\/grc\/wp-json\/wp\/v2\/comments?post=657"}],"version-history":[{"count":0,"href":"https:\/\/www.asso-unil.ch\/grc\/wp-json\/wp\/v2\/posts\/657\/revisions"}],"wp:attachment":[{"href":"https:\/\/www.asso-unil.ch\/grc\/wp-json\/wp\/v2\/media?parent=657"}],"wp:term":[{"taxonomy":"category","embeddable":true,"href":"https:\/\/www.asso-unil.ch\/grc\/wp-json\/wp\/v2\/categories?post=657"},{"taxonomy":"post_tag","embeddable":true,"href":"https:\/\/www.asso-unil.ch\/grc\/wp-json\/wp\/v2\/tags?post=657"}],"curies":[{"name":"wp","href":"https:\/\/api.w.org\/{rel}","templated":true}]}}