{"id":632,"date":"2012-04-16T00:18:11","date_gmt":"2012-04-15T22:18:11","guid":{"rendered":"http:\/\/www.asso-unil.ch\/grc\/?p=632"},"modified":"2012-04-25T19:51:15","modified_gmt":"2012-04-25T17:51:15","slug":"les-jeunes-chiliens-ont-dit-basta","status":"publish","type":"post","link":"https:\/\/www.asso-unil.ch\/grc\/2012\/04\/les-jeunes-chiliens-ont-dit-basta\/","title":{"rendered":"Les jeunes chiliens ont dit \u2026 Basta !!"},"content":{"rendered":"<h2><strong><strong><strong><strong><span style=\"color: #0000ff\"><span style=\"color: #333399\">L\u2019\u00e9ducation<\/span> <span style=\"color: #333399\">est<\/span><\/span> <\/strong><strong><span style=\"color: #333399\">un droit<\/span><span style=\"color: #333399\">,<\/span><\/strong><strong> <\/strong><span style=\"color: #333399\"><strong><span style=\"color: #333399\">pas une marchandise<\/span> <a href=\"https:\/\/www.asso-unil.ch\/grc\/files\/2012\/04\/mafalda1.jpg\"><img alt=\"\" loading=\"lazy\" decoding=\"async\" class=\"alignright size-medium wp-image-642\" src=\"https:\/\/www.asso-unil.ch\/grc\/files\/2012\/04\/mafalda1-296x300.jpg\" alt=\"\" width=\"296\" height=\"300\" srcset=\"https:\/\/www.asso-unil.ch\/grc\/files\/2012\/04\/mafalda1-296x300.jpg 296w, https:\/\/www.asso-unil.ch\/grc\/files\/2012\/04\/mafalda1.jpg 728w\" sizes=\"auto, (max-width: 296px) 100vw, 296px\" \/><\/a><br \/>\n<\/strong><\/span><br \/>\n<\/strong><\/strong><\/strong><\/h2>\n<p><strong><strong><strong>Avec des repr\u00e9sentantes du Mouvement <\/strong><br \/>\n<strong>des \u00e9tudiant-e-s chilien-ne-s<br \/>\nSofia Ocampo Torrejon et Marina Popea <\/strong><\/strong><\/strong><\/p>\n<p><strong><strong>Discussion GRC<br \/>\n<\/strong><\/strong><strong>Jeudi 3 mai 2012, 17h15,<br \/>\nSalle 4068, Anthropole (Unil)<\/strong><\/p>\n<p>Chili: le mouvement \u00e9tudiant d\u00e9fie l&rsquo;ordre n\u00e9o-lib\u00e9ral A trois reprises, les 4, 9 et 18 ao\u00fbt derniers, des dizaines de milliers d&rsquo;\u00e9tudiant\u00b7e\u00b7s et d&rsquo;enseignant\u00b7e\u00b7s ont manifest\u00e9 contre la nouvelle loi d&rsquo;\u00e9ducation n\u00e9o-lib\u00e9rale du gouvernement de Sebasti\u00e1n Pi\u00f1era (droite post-pinochetiste)?: 100?000 personnes \u00e0 Santiago, 50?000 dans les autres villes. Apr\u00e8s plusieurs mois de marches, de gr\u00e8ves de la faim et de multiples manifestations (depuis avril 2011), le mouvement \u00e9tudiant a conquis l&rsquo;appui majoritaire de la population (80 % d&rsquo;appui d&rsquo;apr\u00e8s de r\u00e9cents sondages). Il r\u00e9clame un changement fondamental du syst\u00e8me d&rsquo;\u00e9ducation mis en place sous la dictature du g\u00e9n\u00e9ral Pinochet.<\/p>\n<p>Nous accueillons deux \u00e9tudiantes chiliennes qui viennent lancer le d\u00e9bat sur les luttes men\u00e9es par le mouvement \u00e9tudiant chilien contre la privatisation du syst\u00e8me de l&rsquo;\u00e9ducation. Quel est l&rsquo;ampleur du mouvement ? quelles sont les revendications politiques ? quelles sont ses formes d&rsquo;organisations et de luttes\u00a0? quelle est la r\u00e9action du gouvernement ? dans quel cadre historique se situe-t-il ?<\/p>\n<p><strong><span style=\"color: #800000\">Texte<\/span><\/strong><\/p>\n<ul>\n<li><em>Entretien avec Sebastian Farf\u00e1n Salinas<\/em>, secr\u00e9taire g\u00e9n\u00e9ral de la F\u00e9d\u00e9ration des \u00e9tudiants de l\u2019Universit\u00e9 de Valparaiso (FEUV) <strong><span style=\"color: #800000\"><a href=\"https:\/\/www.asso-unil.ch\/grc\/files\/2012\/04\/Entretien-Sebastian-Faran.pdf\"><span style=\"color: #800000\">Ici<\/span><\/a><\/span><\/strong><\/li>\n<li><em>Petit portrait d&rsquo;une g\u00e9n\u00e9ration<\/em> et <em>Les jeunes chiliens ont dit&#8230;Basta!<\/em> <strong><span style=\"color: #800000\"><a href=\"https:\/\/www.asso-unil.ch\/grc\/files\/2012\/04\/article-mov-chili31.pdf\"><span style=\"color: #800000\">Ici<\/span><\/a><\/span><\/strong><\/li>\n<\/ul>\n<p>&nbsp;<\/p>\n","protected":false},"excerpt":{"rendered":"<p>L\u2019\u00e9ducation est un droit, pas une marchandise Avec des repr\u00e9sentantes du Mouvement des \u00e9tudiant-e-s chilien-ne-s Sofia Ocampo Torrejon et Marina Popea Discussion GRC Jeudi 3 mai 2012, 17h15, Salle 4068, &hellip; <\/p>\n","protected":false},"author":7,"featured_media":0,"comment_status":"closed","ping_status":"closed","sticky":false,"template":"","format":"standard","meta":{"_seopress_robots_primary_cat":"","_seopress_titles_title":"","_seopress_titles_desc":"","_seopress_robots_index":"","footnotes":""},"categories":[1],"tags":[],"class_list":{"0":"post-632","1":"post","2":"type-post","3":"status-publish","4":"format-standard","6":"category-uncategorized"},"_links":{"self":[{"href":"https:\/\/www.asso-unil.ch\/grc\/wp-json\/wp\/v2\/posts\/632","targetHints":{"allow":["GET"]}}],"collection":[{"href":"https:\/\/www.asso-unil.ch\/grc\/wp-json\/wp\/v2\/posts"}],"about":[{"href":"https:\/\/www.asso-unil.ch\/grc\/wp-json\/wp\/v2\/types\/post"}],"author":[{"embeddable":true,"href":"https:\/\/www.asso-unil.ch\/grc\/wp-json\/wp\/v2\/users\/7"}],"replies":[{"embeddable":true,"href":"https:\/\/www.asso-unil.ch\/grc\/wp-json\/wp\/v2\/comments?post=632"}],"version-history":[{"count":0,"href":"https:\/\/www.asso-unil.ch\/grc\/wp-json\/wp\/v2\/posts\/632\/revisions"}],"wp:attachment":[{"href":"https:\/\/www.asso-unil.ch\/grc\/wp-json\/wp\/v2\/media?parent=632"}],"wp:term":[{"taxonomy":"category","embeddable":true,"href":"https:\/\/www.asso-unil.ch\/grc\/wp-json\/wp\/v2\/categories?post=632"},{"taxonomy":"post_tag","embeddable":true,"href":"https:\/\/www.asso-unil.ch\/grc\/wp-json\/wp\/v2\/tags?post=632"}],"curies":[{"name":"wp","href":"https:\/\/api.w.org\/{rel}","templated":true}]}}