{"id":568,"date":"2012-04-16T13:16:53","date_gmt":"2012-04-16T11:16:53","guid":{"rendered":"http:\/\/www.asso-unil.ch\/grc\/?p=568"},"modified":"2012-04-16T17:43:38","modified_gmt":"2012-04-16T15:43:38","slug":"crise-de-lenvironnement-et-ecosocialisme-quelles-solutions","status":"publish","type":"post","link":"https:\/\/www.asso-unil.ch\/grc\/2012\/04\/crise-de-lenvironnement-et-ecosocialisme-quelles-solutions\/","title":{"rendered":"Micha\u00ebl L\u00f6wy et l&rsquo;\u00e9cosocialisme"},"content":{"rendered":"<h2><strong><strong><span style=\"color: #993300\">Un autre monde est possible:<\/span> <a href=\"https:\/\/www.asso-unil.ch\/grc\/files\/2012\/04\/Michael-Lowy1.jpg\"><img alt=\"\" loading=\"lazy\" decoding=\"async\" class=\"alignright size-full wp-image-612\" src=\"https:\/\/www.asso-unil.ch\/grc\/files\/2012\/04\/Michael-Lowy1.jpg\" alt=\"\" width=\"200\" height=\"156\" \/><\/a><br \/>\n<span style=\"color: #993300\">il est \u00e9cologique et socialiste!<\/span><\/strong><\/strong><\/h2>\n<p><strong>Conf\u00e9rence-d\u00e9bat<\/strong><br \/>\n<strong>Jeudi 26 avril 2012, 17h15,<br \/>\nSalle\u00a02055\u00a0 , Anthropole (Unil)<\/strong><\/p>\n<p>Michael L\u00f6wy est un sociologue et philosophe marxiste franco-br\u00e9silien. Il est directeur de recherche \u00e9m\u00e9rite au CNRS et enseigne \u00e0 l\u2019Ecole des hautes \u00e9tudes en sciences sociales (EHESS). Il est l\u2019un des co-fondateurs du r\u00e9seau \u00e9cosocialiste international. Nous discuterons avec lui de ce qu&rsquo;est l&rsquo;\u00e9cosocialisme, quels sont ses propositions et qu&rsquo;est ce qui le distingue des autres courants, tels que l&rsquo;\u00e9cologie politique ou celui de la d\u00e9croissance.<\/p>\n<p>L&rsquo;\u00e9cosocialisme vise \u00e0 fournir une alternative de civilisation radicale au capitalisme. Ce courant de pens\u00e9e consid\u00e8re en effet qu&rsquo;il existe une contradiction intrins\u00e8que entre la dynamique capitaliste (fond\u00e9e sur l&rsquo;expansion illimit\u00e9e du capital et l&rsquo;accumulation de profits) et la pr\u00e9servation de l&rsquo;environnement. L&rsquo;\u00e9cosocialisme va donc bien au-del\u00e0 d&rsquo;une simple critique du productivisme et se distingue en cel\u00e0 des principaux courants de l&rsquo;\u00e9cologie politique (repr\u00e9sent\u00e9s par les partis verts).<\/p>\n<p><strong><span style=\"color: #000000\">Textes<\/span><br \/>\n<\/strong>Entretien avec Michael L\u00f6wy sur l&rsquo;\u00e9cosocialisme<strong><span style=\"color: #800000\"> <a href=\"https:\/\/www.asso-unil.ch\/grc\/files\/2012\/04\/Entretien-Michael-Lo?wy1.pdf\"><span style=\"color: #800000\">ici<\/span><\/a><\/span><br \/>\n<\/strong>Pour une soci\u00e9t\u00e9 \u00e9cosocialiste<strong><span style=\"color: #800000\"> <a href=\"https:\/\/www.asso-unil.ch\/grc\/files\/2012\/04\/Pour-une-societe-ecosocialiste_Lowy.pdf\"><span style=\"color: #800000\">ici<\/span><\/a><\/span><br \/>\n<\/strong>Qu&rsquo;est-ce que l&rsquo;\u00e9cosocialisme ? <strong><span style=\"color: #800000\"><a href=\"https:\/\/www.asso-unil.ch\/grc\/files\/2012\/04\/Quest-ce-que-le?cosocialisme-.pdf\"><span style=\"color: #800000\">ici<\/span><\/a><\/span><br \/>\n<\/strong><\/p>\n<p><strong><br \/>\nInformations sur Michael L\u00f6wy et ses publications<\/strong><br \/>\n<a href=\"https:\/\/www.preavis.org\/breche-numerique\/auteur21.html\"><span style=\"color: #0000ff\"><span style=\"color: #0000ff\">https:\/\/www.preavis.org\/breche-numerique\/auteur21.html<\/span><\/span><\/a><br \/>\n<span style=\"color: #0000ff\"><a href=\"https:\/\/blogs.mediapart.fr\/blog\/michael-lowy\"><span style=\"color: #0000ff\">https:\/\/blogs.mediapart.fr\/blog\/michael-lowy<\/span><\/a><\/span><\/p>\n<p><strong><br \/>\n<\/strong><\/p>\n<p>&nbsp;<\/p>\n","protected":false},"excerpt":{"rendered":"<p>Un autre monde est possible: il est \u00e9cologique et socialiste! Conf\u00e9rence-d\u00e9bat Jeudi 26 avril 2012, 17h15, Salle\u00a02055\u00a0 , Anthropole (Unil) Michael L\u00f6wy est un sociologue et philosophe marxiste franco-br\u00e9silien. Il &hellip; <\/p>\n","protected":false},"author":7,"featured_media":0,"comment_status":"closed","ping_status":"closed","sticky":false,"template":"","format":"standard","meta":{"_seopress_robots_primary_cat":"","_seopress_titles_title":"","_seopress_titles_desc":"","_seopress_robots_index":"","footnotes":""},"categories":[5,8,7],"tags":[],"class_list":{"0":"post-568","1":"post","2":"type-post","3":"status-publish","4":"format-standard","6":"category-conference-debat","7":"category-environnement","8":"category-lecture-de-texte"},"_links":{"self":[{"href":"https:\/\/www.asso-unil.ch\/grc\/wp-json\/wp\/v2\/posts\/568","targetHints":{"allow":["GET"]}}],"collection":[{"href":"https:\/\/www.asso-unil.ch\/grc\/wp-json\/wp\/v2\/posts"}],"about":[{"href":"https:\/\/www.asso-unil.ch\/grc\/wp-json\/wp\/v2\/types\/post"}],"author":[{"embeddable":true,"href":"https:\/\/www.asso-unil.ch\/grc\/wp-json\/wp\/v2\/users\/7"}],"replies":[{"embeddable":true,"href":"https:\/\/www.asso-unil.ch\/grc\/wp-json\/wp\/v2\/comments?post=568"}],"version-history":[{"count":0,"href":"https:\/\/www.asso-unil.ch\/grc\/wp-json\/wp\/v2\/posts\/568\/revisions"}],"wp:attachment":[{"href":"https:\/\/www.asso-unil.ch\/grc\/wp-json\/wp\/v2\/media?parent=568"}],"wp:term":[{"taxonomy":"category","embeddable":true,"href":"https:\/\/www.asso-unil.ch\/grc\/wp-json\/wp\/v2\/categories?post=568"},{"taxonomy":"post_tag","embeddable":true,"href":"https:\/\/www.asso-unil.ch\/grc\/wp-json\/wp\/v2\/tags?post=568"}],"curies":[{"name":"wp","href":"https:\/\/api.w.org\/{rel}","templated":true}]}}