{"id":532,"date":"2012-03-23T15:19:14","date_gmt":"2012-03-23T14:19:14","guid":{"rendered":"http:\/\/www.asso-unil.ch\/grc\/?p=532"},"modified":"2012-03-27T10:17:47","modified_gmt":"2012-03-27T08:17:47","slug":"quest-ce-que-le-buen-vivir","status":"publish","type":"post","link":"https:\/\/www.asso-unil.ch\/grc\/2012\/03\/quest-ce-que-le-buen-vivir\/","title":{"rendered":"Qu&rsquo;est-ce que le Buen Vivir ?"},"content":{"rendered":"<p><strong>Discussion GRC<a href=\"https:\/\/www.asso-unil.ch\/grc\/files\/2012\/03\/Buen-vivir1.jpg\"><img alt=\"\" loading=\"lazy\" decoding=\"async\" class=\"alignright size-full wp-image-541\" src=\"https:\/\/www.asso-unil.ch\/grc\/files\/2012\/03\/Buen-vivir1.jpg\" alt=\"\" width=\"275\" height=\"184\" \/><\/a><br \/>\n<\/strong><strong>Jeudi 29 mars 2012, 17h15<\/strong><strong>,<br \/>\n<\/strong><strong>Salle 4068,<\/strong><strong>Anthropole<\/strong><strong>(Unil)<\/strong><\/p>\n<p>Les nouvelles technologies, l&rsquo;industrialisation et la production se d\u00e9veloppent \u00e0 un rythme soutenu en m\u00eame temps que le confort progresse chaque jour, mais quel type de confort et pour qui\u00a0? Dans les pays occidentaux, la pauvret\u00e9, l\u2019exploitation, les discriminations, la comp\u00e9titivit\u00e9 et l\u2019individualisme gagnent du terrain. La logique du syst\u00e8me capitaliste dans lequel nous vivons\u00a0pousse \u00e0 produire encore et toujours plus de richesses mais pour qui, pourquoi et avec quelles cons\u00e9quences environnementales\u00a0? Vraiment, nous ne sommes pas dans le \u00ab\u00a0bien vivre\u00a0\u00bb&#8230;<\/p>\n<p>A la fois philosophie de vie et combat politique, le concept de <em>Buen vivir<\/em> r\u00e9sulte de convergences entre les luttes sociales latino-am\u00e9ricaines de la fin du XX\u00e8me et du d\u00e9but du XXI\u00e8me si\u00e8cle, et des modes de vie traditionnels des peuples de la r\u00e9gion des Andes \u2013 en particulier le peuple Aymara. Aujourd&rsquo;hui inscrit dans les constitutions de la Bolivie et de l&rsquo;Equateur, le <em>Buen vivir <\/em>est d&rsquo;abord un horizon \u00e0 atteindre vers l\u2019\u00e9mancipation des femmes et des hommes, ensuite un cri.<\/p>\n<p>En effet, vie communautaire, collectiviste, en harmonie avec la nature, le <em>Buen vivir<\/em> implique une recherche d&rsquo;\u00e9galit\u00e9 dans les rapports entre les hommes et les femmes mais \u00e9galement dans les rapports de ceux\/celles-ci avec la <em>Madre Tierra<\/em>. Et par cette qu\u00eate d&rsquo;harmonie profonde, le <em>Buen vivir<\/em> devient une critique s\u00e9v\u00e8re de la soci\u00e9t\u00e9 capitaliste occidentale, une r\u00e9ponse alternative possible au productivisme, \u00e0 la surexploitation des ressources naturelles, \u00e0 la r\u00e9partition in\u00e9galitaire des richesses et \u00e0 l&rsquo;individualisme.<\/p>\n<p>A la globalisation de la production et des \u00e9changes et \u00e0 la centralisation des pouvoirs vient s&rsquo;opposer l&rsquo;id\u00e9e d&rsquo;une relocalisation de la production et des d\u00e9cisions politiques ainsi qu\u2019un recentrage sur la vie elle-m\u00eame, quelles le\u00e7ons pouvons-nous tirer du <em>Buen vivir<\/em>, quels \u00e9l\u00e9ments de ce concepts pourraient servir, m\u00eame ici en Occident, de base pour une alternative de soci\u00e9t\u00e9\u00a0?<\/p>\n<p>Le Groupe regards critiques ouvre le d\u00e9bat ce jeudi 29 mars<\/p>\n","protected":false},"excerpt":{"rendered":"<p>Discussion GRC Jeudi 29 mars 2012, 17h15, Salle 4068,Anthropole(Unil) Les nouvelles technologies, l&rsquo;industrialisation et la production se d\u00e9veloppent \u00e0 un rythme soutenu en m\u00eame temps que le confort progresse chaque &hellip; <\/p>\n","protected":false},"author":7,"featured_media":0,"comment_status":"closed","ping_status":"closed","sticky":false,"template":"","format":"standard","meta":{"_seopress_robots_primary_cat":"","_seopress_titles_title":"","_seopress_titles_desc":"","_seopress_robots_index":"","footnotes":""},"categories":[1],"tags":[],"class_list":{"0":"post-532","1":"post","2":"type-post","3":"status-publish","4":"format-standard","6":"category-uncategorized"},"_links":{"self":[{"href":"https:\/\/www.asso-unil.ch\/grc\/wp-json\/wp\/v2\/posts\/532","targetHints":{"allow":["GET"]}}],"collection":[{"href":"https:\/\/www.asso-unil.ch\/grc\/wp-json\/wp\/v2\/posts"}],"about":[{"href":"https:\/\/www.asso-unil.ch\/grc\/wp-json\/wp\/v2\/types\/post"}],"author":[{"embeddable":true,"href":"https:\/\/www.asso-unil.ch\/grc\/wp-json\/wp\/v2\/users\/7"}],"replies":[{"embeddable":true,"href":"https:\/\/www.asso-unil.ch\/grc\/wp-json\/wp\/v2\/comments?post=532"}],"version-history":[{"count":0,"href":"https:\/\/www.asso-unil.ch\/grc\/wp-json\/wp\/v2\/posts\/532\/revisions"}],"wp:attachment":[{"href":"https:\/\/www.asso-unil.ch\/grc\/wp-json\/wp\/v2\/media?parent=532"}],"wp:term":[{"taxonomy":"category","embeddable":true,"href":"https:\/\/www.asso-unil.ch\/grc\/wp-json\/wp\/v2\/categories?post=532"},{"taxonomy":"post_tag","embeddable":true,"href":"https:\/\/www.asso-unil.ch\/grc\/wp-json\/wp\/v2\/tags?post=532"}],"curies":[{"name":"wp","href":"https:\/\/api.w.org\/{rel}","templated":true}]}}