{"id":386,"date":"2012-03-04T15:41:06","date_gmt":"2012-03-04T14:41:06","guid":{"rendered":"http:\/\/www.asso-unil.ch\/grc\/?p=386"},"modified":"2012-03-04T15:41:06","modified_gmt":"2012-03-04T14:41:06","slug":"femmes-le-mauvais-genre-2","status":"publish","type":"post","link":"https:\/\/www.asso-unil.ch\/grc\/2012\/03\/femmes-le-mauvais-genre-2\/","title":{"rendered":"Femmes, le mauvais genre?"},"content":{"rendered":"<p><strong>Actes du colloque 1990<\/strong><\/p>\n<p><em><strong>Femmes, le mauvais genre?<\/strong><\/em> L<strong><em>es Enjeux du f\u00e9minsime aujourd&rsquo;hui. Egalit\u00e9. Discrimination. Diff\u00e9rence.<\/em><\/strong><\/p>\n<p>Colloque \u00e0 l&rsquo;UNIL organis\u00e9 par le Groupe Regards Critiques d\u00e9cembre 1990, Lausanne: Histoire et Soci\u00e9t\u00e9 contemporaine, sous la dir. du prof. H.U. JOST, 16\/94, 1994.<\/p>\n<p>Texte d&rsquo;appel au colloque dans L&rsquo;Auditoire &#8211; pp. 9-11<\/p>\n<p>Nicole-Claude MATTHIEU: Les origines de l&rsquo;oppression des femmes &#8211; pp. 13-29<\/p>\n<p>Margaret MARUANI: Le march\u00e9 du travail ne m\u00e9lange pas les genres &#8230; &#8211; pp.31-43<\/p>\n<p>Marie-Th\u00e9r\u00e8se SAUTEBIN: \u00ab\u00a0Au labeur des dames\u00a0\u00bb: le travail au f\u00e9minin en f\u00e9minin &#8211; pp. 45-57<\/p>\n<p>St\u00e9phanie COONTZ: Les femmes et la famille depuis la seconde guerre mondiale: la crise de la famille am\u00e9ricaine analy\u00e9e d&rsquo;un point de vue historique &#8211; pp. 59-77<\/p>\n<p>Chafia DJEMAME: Int\u00e9grisme religieux et condition f\u00e9minine en Alg\u00e9rie &#8211; pp. 79-103<\/p>\n<p>Lydia CIRILLO: Pour une autre \u00ab\u00a0diff\u00e9rence\u00a0\u00bb &#8211; pp. 105-113<\/p>\n<p>Un dossier de presse &#8211; pp. 115-119<\/p>\n<p>&nbsp;<\/p>\n","protected":false},"excerpt":{"rendered":"<p>Actes du colloque 1990 Femmes, le mauvais genre? Les Enjeux du f\u00e9minsime aujourd&rsquo;hui. Egalit\u00e9. Discrimination. Diff\u00e9rence. Colloque \u00e0 l&rsquo;UNIL organis\u00e9 par le Groupe Regards Critiques d\u00e9cembre 1990, Lausanne: Histoire et &hellip; <\/p>\n","protected":false},"author":7,"featured_media":0,"comment_status":"closed","ping_status":"closed","sticky":false,"template":"","format":"standard","meta":{"_seopress_robots_primary_cat":"","_seopress_titles_title":"","_seopress_titles_desc":"","_seopress_robots_index":"","footnotes":""},"categories":[1],"tags":[],"class_list":{"0":"post-386","1":"post","2":"type-post","3":"status-publish","4":"format-standard","6":"category-uncategorized"},"_links":{"self":[{"href":"https:\/\/www.asso-unil.ch\/grc\/wp-json\/wp\/v2\/posts\/386","targetHints":{"allow":["GET"]}}],"collection":[{"href":"https:\/\/www.asso-unil.ch\/grc\/wp-json\/wp\/v2\/posts"}],"about":[{"href":"https:\/\/www.asso-unil.ch\/grc\/wp-json\/wp\/v2\/types\/post"}],"author":[{"embeddable":true,"href":"https:\/\/www.asso-unil.ch\/grc\/wp-json\/wp\/v2\/users\/7"}],"replies":[{"embeddable":true,"href":"https:\/\/www.asso-unil.ch\/grc\/wp-json\/wp\/v2\/comments?post=386"}],"version-history":[{"count":0,"href":"https:\/\/www.asso-unil.ch\/grc\/wp-json\/wp\/v2\/posts\/386\/revisions"}],"wp:attachment":[{"href":"https:\/\/www.asso-unil.ch\/grc\/wp-json\/wp\/v2\/media?parent=386"}],"wp:term":[{"taxonomy":"category","embeddable":true,"href":"https:\/\/www.asso-unil.ch\/grc\/wp-json\/wp\/v2\/categories?post=386"},{"taxonomy":"post_tag","embeddable":true,"href":"https:\/\/www.asso-unil.ch\/grc\/wp-json\/wp\/v2\/tags?post=386"}],"curies":[{"name":"wp","href":"https:\/\/api.w.org\/{rel}","templated":true}]}}