{"id":37,"date":"2012-03-07T17:40:37","date_gmt":"2012-03-07T16:40:37","guid":{"rendered":"http:\/\/www.asso-unil.ch\/grc\/?p=37"},"modified":"2012-03-27T11:11:35","modified_gmt":"2012-03-27T09:11:35","slug":"ecofeminisme-yayo-herrero","status":"publish","type":"post","link":"https:\/\/www.asso-unil.ch\/grc\/2012\/03\/ecofeminisme-yayo-herrero\/","title":{"rendered":"\u00c9cofeminisme: une alternative de transformation dans un monde en crise"},"content":{"rendered":"<p style=\"text-align: left\"><strong>Conf\u00e9rence-d\u00e9bat<\/strong><strong><a href=\"https:\/\/www.asso-unil.ch\/grc\/files\/2012\/03\/YaioHerrero.jpg\"><img alt=\"\" loading=\"lazy\" decoding=\"async\" class=\"alignright size-medium wp-image-511\" src=\"https:\/\/www.asso-unil.ch\/grc\/files\/2012\/03\/YaioHerrero-300x201.jpg\" alt=\"\" width=\"300\" height=\"201\" srcset=\"https:\/\/www.asso-unil.ch\/grc\/files\/2012\/03\/YaioHerrero-300x201.jpg 300w, https:\/\/www.asso-unil.ch\/grc\/files\/2012\/03\/YaioHerrero.jpg 700w\" sizes=\"auto, (max-width: 300px) 100vw, 300px\" \/><\/a><\/strong><br \/>\n<strong> Jeudi 8 mars \u00e0 17h15,<br \/>\nUNIL, salle Anthropole 2055<\/strong><\/p>\n<p>Avec\u00a0 <strong>YAYO HERRERO<\/strong> (Professeure \u00e0 l\u2019Universit\u00e9 Nationale d\u2019Education \u00e0 distance de Madrid et co-coordinatrice des Ecologistes en Action, Espagne)<!--more--><\/p>\n<p>\u00c0 l&rsquo;heure de la crise \u00e9cologique, comment concilier les objectifs environnementaux avec les objectifs de plus grande \u00e9galit\u00e9, notamment entre hommes et femmes? Encore m\u00e9connu, l&rsquo;\u00e9cof\u00e9minisme est un tel projet, \u00e0 la fois politique, \u00e9cologique et f\u00e9ministe, qui l\u00e9gitime la vie et la diversit\u00e9. Il est port\u00e9 par diff\u00e9rents courants, tant au Nord qu&rsquo;au Sud, divers mais toujours critiques, notamment face \u00e0 la recherche de profits et l&rsquo;accumulation du capital.<\/p>\n<p>Pour approfondir ce th\u00e8me, nous vous proposons une soir\u00e9e avec Yayo Herrero, universitaire et militante \u00e9cof\u00e9ministe, qui nous d\u00e9crira les diff\u00e9rents courants de l&rsquo;\u00e9cof\u00e9minisme, leur gen\u00e8se, les luttes qu&rsquo;ils portent, et expliquera en quoi l&rsquo;\u00e9cof\u00e9minisme repr\u00e9sente une alternative de transformation face aux crises mondiales actuelles.<\/p>\n<p><span style=\"color: #993300\">Texte: <em>D\u00e9croissance, justice et \u00e9cof\u00e9minisme: une entretien avec Yayo Herrero <a href=\"https:\/\/www.asso-unil.ch\/grc\/files\/2012\/03\/Decroissance-juste-Ecofeminisme1.pdf\"><span style=\"color: #993300\">ici<\/span><\/a><\/em><\/span><\/p>\n","protected":false},"excerpt":{"rendered":"<p>Conf\u00e9rence-d\u00e9bat Jeudi 8 mars \u00e0 17h15, UNIL, salle Anthropole 2055 Avec\u00a0 YAYO HERRERO (Professeure \u00e0 l\u2019Universit\u00e9 Nationale d\u2019Education \u00e0 distance de Madrid et co-coordinatrice des Ecologistes en Action, Espagne)<\/p>\n","protected":false},"author":7,"featured_media":0,"comment_status":"closed","ping_status":"closed","sticky":false,"template":"","format":"standard","meta":{"_seopress_robots_primary_cat":"","_seopress_titles_title":"","_seopress_titles_desc":"","_seopress_robots_index":"","footnotes":""},"categories":[5,8,9,7],"tags":[],"class_list":{"0":"post-37","1":"post","2":"type-post","3":"status-publish","4":"format-standard","6":"category-conference-debat","7":"category-environnement","8":"category-feminisme","9":"category-lecture-de-texte"},"_links":{"self":[{"href":"https:\/\/www.asso-unil.ch\/grc\/wp-json\/wp\/v2\/posts\/37","targetHints":{"allow":["GET"]}}],"collection":[{"href":"https:\/\/www.asso-unil.ch\/grc\/wp-json\/wp\/v2\/posts"}],"about":[{"href":"https:\/\/www.asso-unil.ch\/grc\/wp-json\/wp\/v2\/types\/post"}],"author":[{"embeddable":true,"href":"https:\/\/www.asso-unil.ch\/grc\/wp-json\/wp\/v2\/users\/7"}],"replies":[{"embeddable":true,"href":"https:\/\/www.asso-unil.ch\/grc\/wp-json\/wp\/v2\/comments?post=37"}],"version-history":[{"count":0,"href":"https:\/\/www.asso-unil.ch\/grc\/wp-json\/wp\/v2\/posts\/37\/revisions"}],"wp:attachment":[{"href":"https:\/\/www.asso-unil.ch\/grc\/wp-json\/wp\/v2\/media?parent=37"}],"wp:term":[{"taxonomy":"category","embeddable":true,"href":"https:\/\/www.asso-unil.ch\/grc\/wp-json\/wp\/v2\/categories?post=37"},{"taxonomy":"post_tag","embeddable":true,"href":"https:\/\/www.asso-unil.ch\/grc\/wp-json\/wp\/v2\/tags?post=37"}],"curies":[{"name":"wp","href":"https:\/\/api.w.org\/{rel}","templated":true}]}}