{"id":32,"date":"2012-03-02T18:30:18","date_gmt":"2012-03-02T17:30:18","guid":{"rendered":"http:\/\/www.asso-unil.ch\/grc\/?p=32"},"modified":"2012-03-26T17:40:03","modified_gmt":"2012-03-26T15:40:03","slug":"demain-tous-pirates-3","status":"publish","type":"post","link":"https:\/\/www.asso-unil.ch\/grc\/2012\/03\/demain-tous-pirates-3\/","title":{"rendered":"MEGAUPLOAD: DEMAIN TOUS PIRATES ?"},"content":{"rendered":"<p>Discussion GRC<a href=\"https:\/\/www.asso-unil.ch\/grc\/files\/2012\/03\/Acta.jpg\"><img alt=\"\" loading=\"lazy\" decoding=\"async\" class=\"alignright size-full wp-image-551\" src=\"https:\/\/www.asso-unil.ch\/grc\/files\/2012\/03\/Acta.jpg\" alt=\"\" width=\"299\" height=\"169\" \/><\/a><br \/>\nJeudi 1er mars 2012, 17h15<strong>,<br \/>\nSalle 4068, Anthropole (Unil)<\/strong><\/p>\n<p>La s\u00e9ance sera introduite par une petite pr\u00e9sentation des \u00e9v\u00e9nements r\u00e9cents (Comment le patron de Megaupload a-t-il b\u00e2ti sa fortune? Qu&rsquo;est-ce qu&rsquo;ACTA pr\u00e9cis\u00e9ment?), et une grande place sera laiss\u00e9e \u00e0 la discussion et&#8230; au partage d&rsquo;id\u00e9es!<!--more--><\/p>\n<p>Les deux premiers mois de l&rsquo;ann\u00e9e 2012 ont remis les questions de propri\u00e9t\u00e9 intellectuelle sur le devant de la sc\u00e8ne. Jamais le bras de fer entre d\u00e9fenseurs des droits de propri\u00e9t\u00e9 intellectuelle et activistes d&rsquo;un web libre et \u00ab\u00a0partageux\u00a0\u00bb n&rsquo;a \u00e9t\u00e9 aussi visible: protestations de nombreux sites web \u2013 y compris Wikipedia \u2013 contre les projets de lois am\u00e9ricaines \u00ab\u00a0Stop Online Piracy Act\u00a0\u00bb (SOPA) et \u00ab\u00a0Protect Intellectual Property Act\u00a0\u00bb (PIPA), fermeture du site de partage de fichiers Megaupload et arrestation de son sulfureux fondateur, et enfin d\u00e9bats autour du trait\u00e9 international ACTA (Anti-counterfeiting Trade Agreement).<\/p>\n<p>Dans ce contexte, comment se positionner? Va-t-on vers une poursuite syst\u00e9matique de tous les \u00ab\u00a0pirates\u00a0\u00bb? Va-t-on vers un partage g\u00e9n\u00e9ralis\u00e9? Comment naviguer entre circulation de l&rsquo;information et de la culture, acc\u00e8s g\u00e9n\u00e9ralis\u00e9 \u00e0 la publication, r\u00e9tribution des auteur\u00b7e\u00b7s et authenticit\u00e9 des oeuvres qui circulent?<\/p>\n","protected":false},"excerpt":{"rendered":"<p>Discussion GRC Jeudi 1er mars 2012, 17h15, Salle 4068, Anthropole (Unil) La s\u00e9ance sera introduite par une petite pr\u00e9sentation des \u00e9v\u00e9nements r\u00e9cents (Comment le patron de Megaupload a-t-il b\u00e2ti sa &hellip; <\/p>\n","protected":false},"author":7,"featured_media":0,"comment_status":"closed","ping_status":"closed","sticky":false,"template":"","format":"standard","meta":{"_seopress_robots_primary_cat":"","_seopress_titles_title":"","_seopress_titles_desc":"","_seopress_robots_index":"","footnotes":""},"categories":[1],"tags":[],"class_list":{"0":"post-32","1":"post","2":"type-post","3":"status-publish","4":"format-standard","6":"category-uncategorized"},"_links":{"self":[{"href":"https:\/\/www.asso-unil.ch\/grc\/wp-json\/wp\/v2\/posts\/32","targetHints":{"allow":["GET"]}}],"collection":[{"href":"https:\/\/www.asso-unil.ch\/grc\/wp-json\/wp\/v2\/posts"}],"about":[{"href":"https:\/\/www.asso-unil.ch\/grc\/wp-json\/wp\/v2\/types\/post"}],"author":[{"embeddable":true,"href":"https:\/\/www.asso-unil.ch\/grc\/wp-json\/wp\/v2\/users\/7"}],"replies":[{"embeddable":true,"href":"https:\/\/www.asso-unil.ch\/grc\/wp-json\/wp\/v2\/comments?post=32"}],"version-history":[{"count":0,"href":"https:\/\/www.asso-unil.ch\/grc\/wp-json\/wp\/v2\/posts\/32\/revisions"}],"wp:attachment":[{"href":"https:\/\/www.asso-unil.ch\/grc\/wp-json\/wp\/v2\/media?parent=32"}],"wp:term":[{"taxonomy":"category","embeddable":true,"href":"https:\/\/www.asso-unil.ch\/grc\/wp-json\/wp\/v2\/categories?post=32"},{"taxonomy":"post_tag","embeddable":true,"href":"https:\/\/www.asso-unil.ch\/grc\/wp-json\/wp\/v2\/tags?post=32"}],"curies":[{"name":"wp","href":"https:\/\/api.w.org\/{rel}","templated":true}]}}