{"id":3040,"date":"2023-11-29T00:34:39","date_gmt":"2023-11-28T23:34:39","guid":{"rendered":"https:\/\/www.asso-unil.ch\/grc\/?p=3040"},"modified":"2023-12-17T22:11:28","modified_gmt":"2023-12-17T21:11:28","slug":"lettre-ouverte-sur-la-manifestation-contre-macron","status":"publish","type":"post","link":"https:\/\/www.asso-unil.ch\/grc\/2023\/11\/lettre-ouverte-sur-la-manifestation-contre-macron\/","title":{"rendered":"Lettre ouverte sur la manifestation contre Macron"},"content":{"rendered":"\n<p class=\"has-text-align-center has-vivid-red-color has-text-color has-link-color has-medium-font-size wp-elements-d44756cf09fadc1cf6a8c9a757fb2a3a\"><strong>NOUS SOMMES TR\u00c8S INQUIET\u22c5E\u22c5X\u22c5S DES ATTEINTES AUX DROITS D\u00c9MOCRATIQUES ET \u00c0 LA LIBERT\u00c9 D\u2019EXPRESSION \u00c0 L\u2019UNIL !<\/strong><\/p>\n\n\n\n<ul class=\"wp-block-list\">\n<li>Nous d\u00e9non\u00e7ons cette d\u00e9monstration de force de la police vaudoise, en faisant usage de spray au poivre et de force physique, sur le campus de l\u2019universit\u00e9 et contre ses membres, qui plus est dans le cadre d\u2019une protestation l\u00e9gale, l\u00e9gitime et pacifique.<\/li>\n\n\n\n<li>Nous d\u00e9non\u00e7ons le deux-poids, deux mesures de la direction de l\u2019UNIL contre l\u2019expression de l\u2019appel au cessez-le-feu face \u00e0 l\u2019urgence humanitaire \u00e0 Gaza.<\/li>\n\n\n\n<li>Nous d\u00e9non\u00e7ons l\u2019irresponsabilit\u00e9 de la direction de l\u2019UNIL qui a permis \u00e0 la police d\u2019utiliser de la force et de mettre en danger des membres de sa propre communaut\u00e9.<\/li>\n\n\n\n<li>Nous d\u00e9non\u00e7ons le caract\u00e8re anti-d\u00e9mocratique des d\u00e9cisions prises par la direction de l\u2019UNIL qui n\u2019a pas envisag\u00e9 d\u2019accorder un espace d\u2019expression libre et de d\u00e9bat pour discuter des implications de la venue d\u2019une personnalit\u00e9 politique aussi controvers\u00e9e que Macron sur notre campus, et des positions soutenues par ce dernier.<\/li>\n\n\n\n<li>Nous exigeons de la direction de l&rsquo;Universit\u00e9 qu\u2019elle r\u00e9ponde \u00e0 ce d\u00e9ploiement disproportionn\u00e9 de la police cantonale, et qu\u2019elle s\u2019engage \u00e0 faire la lumi\u00e8re sur la pr\u00e9sence polici\u00e8re hors normes et ses pr\u00e9rogatives. Nous demandons \u00e9galement qu\u2019elle garantisse qu\u2019un tel dispositif policier ne sera plus d\u00e9ploy\u00e9 dans l\u2019avenir sur le campus.<\/li>\n<\/ul>\n\n\n\n<p>Pour toutes questios et pr\u00e9cisions merci de prendre contact par mail au grc@asso-unil.ch.<\/p>\n\n\n\n<div data-wp-interactive=\"core\/file\" class=\"wp-block-file\"><object data-wp-bind--hidden=\"!state.hasPdfPreview\" hidden class=\"wp-block-file__embed\" data=\"https:\/\/www.asso-unil.ch\/grc\/files\/2023\/12\/Lettre-ouverte-manifestation-contre-Macron-1.pdf\" type=\"application\/pdf\" style=\"width:100%;height:600px\" aria-label=\"Contenu embarqu\u00e9 Lettre-ouverte-manifestation-contre-Macron-1.\"><\/object><a id=\"wp-block-file--media-36618850-0e48-40c5-bf84-d23a4c97c54e\" href=\"https:\/\/www.asso-unil.ch\/grc\/files\/2023\/12\/Lettre-ouverte-manifestation-contre-Macron-1.pdf\">Lettre-ouverte-manifestation-contre-Macron-1<\/a><a href=\"https:\/\/www.asso-unil.ch\/grc\/files\/2023\/12\/Lettre-ouverte-manifestation-contre-Macron-1.pdf\" class=\"wp-block-file__button wp-element-button\" download aria-describedby=\"wp-block-file--media-36618850-0e48-40c5-bf84-d23a4c97c54e\">T\u00e9l\u00e9charger<\/a><\/div>\n","protected":false},"excerpt":{"rendered":"<p>NOUS SOMMES TR\u00c8S INQUIET\u22c5E\u22c5X\u22c5S DES ATTEINTES AUX DROITS D\u00c9MOCRATIQUES ET \u00c0 LA LIBERT\u00c9 D\u2019EXPRESSION \u00c0 L\u2019UNIL ! Pour toutes questios et pr\u00e9cisions merci de prendre contact par mail au grc@asso-unil.ch.<\/p>\n","protected":false},"author":212,"featured_media":0,"comment_status":"open","ping_status":"closed","sticky":false,"template":"","format":"standard","meta":{"_seopress_robots_primary_cat":"","_seopress_titles_title":"","_seopress_titles_desc":"","_seopress_robots_index":"","footnotes":""},"categories":[64,109],"tags":[],"class_list":{"0":"post-3040","1":"post","2":"type-post","3":"status-publish","4":"format-standard","6":"category-actions-critiques","7":"category-communique"},"_links":{"self":[{"href":"https:\/\/www.asso-unil.ch\/grc\/wp-json\/wp\/v2\/posts\/3040","targetHints":{"allow":["GET"]}}],"collection":[{"href":"https:\/\/www.asso-unil.ch\/grc\/wp-json\/wp\/v2\/posts"}],"about":[{"href":"https:\/\/www.asso-unil.ch\/grc\/wp-json\/wp\/v2\/types\/post"}],"author":[{"embeddable":true,"href":"https:\/\/www.asso-unil.ch\/grc\/wp-json\/wp\/v2\/users\/212"}],"replies":[{"embeddable":true,"href":"https:\/\/www.asso-unil.ch\/grc\/wp-json\/wp\/v2\/comments?post=3040"}],"version-history":[{"count":0,"href":"https:\/\/www.asso-unil.ch\/grc\/wp-json\/wp\/v2\/posts\/3040\/revisions"}],"wp:attachment":[{"href":"https:\/\/www.asso-unil.ch\/grc\/wp-json\/wp\/v2\/media?parent=3040"}],"wp:term":[{"taxonomy":"category","embeddable":true,"href":"https:\/\/www.asso-unil.ch\/grc\/wp-json\/wp\/v2\/categories?post=3040"},{"taxonomy":"post_tag","embeddable":true,"href":"https:\/\/www.asso-unil.ch\/grc\/wp-json\/wp\/v2\/tags?post=3040"}],"curies":[{"name":"wp","href":"https:\/\/api.w.org\/{rel}","templated":true}]}}