{"id":3021,"date":"2023-10-25T11:24:13","date_gmt":"2023-10-25T09:24:13","guid":{"rendered":"https:\/\/www.asso-unil.ch\/grc\/?p=3021"},"modified":"2023-10-25T11:24:38","modified_gmt":"2023-10-25T09:24:38","slug":"plus-de-30-ans-apres-les-accords-doslo-ou-va-la-palestine","status":"publish","type":"post","link":"https:\/\/www.asso-unil.ch\/grc\/2023\/10\/plus-de-30-ans-apres-les-accords-doslo-ou-va-la-palestine\/","title":{"rendered":"Plus de 30 ans apr\u00e8s les accords d&rsquo;Oslo, o\u00f9 va la Palestine ?"},"content":{"rendered":"<div class=\"wp-block-image\">\n<figure class=\"aligncenter size-large is-resized\"><a href=\"https:\/\/www.asso-unil.ch\/grc\/files\/2023\/10\/AffichePalestine_page-0001.jpg\"><img alt=\"\" loading=\"lazy\" decoding=\"async\" width=\"817\" height=\"1024\" src=\"https:\/\/www.asso-unil.ch\/grc\/files\/2023\/10\/AffichePalestine_page-0001-817x1024.jpg\" alt=\"\" class=\"wp-image-3022\" style=\"aspect-ratio:0.7978515625;width:369px;height:auto\" srcset=\"https:\/\/www.asso-unil.ch\/grc\/files\/2023\/10\/AffichePalestine_page-0001-817x1024.jpg 817w, https:\/\/www.asso-unil.ch\/grc\/files\/2023\/10\/AffichePalestine_page-0001-239x300.jpg 239w, https:\/\/www.asso-unil.ch\/grc\/files\/2023\/10\/AffichePalestine_page-0001-768x963.jpg 768w, https:\/\/www.asso-unil.ch\/grc\/files\/2023\/10\/AffichePalestine_page-0001.jpg 957w\" sizes=\"auto, (max-width: 817px) 100vw, 817px\" \/><\/a><\/figure>\n<\/div>\n\n\n<p>Joseph Daher enseigne \u00e0 l&rsquo;Universit\u00e9 de Lausanne, en Suisse, et est professeur affili\u00e9 \u00e0<br>l&rsquo;Institut universitaire europ\u00e9en de Florence, en Italie, o\u00f9 il participe au projet \u00ab Syrian<br>Trajectories \u00bb. Il est l\u2019auteur des livres \u00ab\u00a0Syrie, le martyre d\u2019une r\u00e9volution\u00a0\u00bb (Syllepse 2022),<br>et Hezbollah, un Un fondamentalisme religieux \u00e0 l&rsquo;\u00e9preuve du n\u00e9olib\u00e9ralisme (Syllepse<br>2020).<br>\u00a0<br>Plus de trente ans apr\u00e8s les accords d\u2019Oslo conclus en 1993, plus personne ne s\u2019en sert pour<br>parler de la situation en Palestine. Il n\u2019est plus question du \u00ab\u2009processus de paix\u2009\u00bb qui \u00e9tait<br>pourtant la norme dans les ann\u00e9es 1990 et 2000, tant la situation s\u2019est \u00e9loign\u00e9e des espoirs<br>suscit\u00e9s par ces accords. Au contraire, la situation des Palestinien.nes n\u2019a cess\u00e9 de se<br>d\u00e9t\u00e9riorer avec la multiplication et l\u2019intensification des crimes et violations de droits humains<br>commis par la politique d\u2019occupation et discriminatoire de l\u2019Etat d\u2019Israel.<br>\u00a0<br>Les politiques de l\u2019\u00c9tat isra\u00e9lien sont la continuit\u00e9 de ces politiques criminelles de nettoyage<br>ethnique qui remontent \u00e0 la cr\u00e9ation de l\u2019\u00c9tat en 1948, et qui entra\u00eena la Nakba (ou \u00ab<br>catastrophe \u00bb en arabe) du peuple palestinien. On estime que plus de 800 000 Palestinien.nes<br>furent chass\u00e9.es de leurs foyers, devenant des r\u00e9fugi\u00e9.es. Iels sont aujourd\u2019hui plus de 6<br>millions.<br>\u00a0<br>Dans le cadre de cette conf\u00e9rence, nous reviendrons sur les origines et dynamiques<br>historiques de la cause palestinienne jusqu\u2019\u00e0 aujourd\u2019hui. Nous nous poserons \u00e9galement les<br>questions suivantes\u00a0: quelle solidarit\u00e9 internationale avec la Palestine\u00a0? Quel lien entre les<br>processus r\u00e9volutionnaires au Moyen Orient et en Afrique du Nord et la Palestine\u00a0? Quelle<br>solution pour la question palestinienne\u00a0?<br>\u00a0<br>Pour en discuter ensemble, nous accueillerons Joseph Daher.<\/p>\n\n\n\n<p>Mardi 21 novembre 2023, 18h00, salle 2144, G\u00e9opolis &#8211; UNIL<\/p>\n","protected":false},"excerpt":{"rendered":"<p>Joseph Daher enseigne \u00e0 l&rsquo;Universit\u00e9 de Lausanne, en Suisse, et est professeur affili\u00e9 \u00e0l&rsquo;Institut universitaire europ\u00e9en de Florence, en Italie, o\u00f9 il participe au projet \u00ab SyrianTrajectories \u00bb. Il est &hellip; <\/p>\n","protected":false},"author":212,"featured_media":0,"comment_status":"open","ping_status":"closed","sticky":false,"template":"","format":"standard","meta":{"_seopress_robots_primary_cat":"","_seopress_titles_title":"","_seopress_titles_desc":"","_seopress_robots_index":"","footnotes":""},"categories":[73,5,75,31],"tags":[],"class_list":{"0":"post-3021","1":"post","2":"type-post","3":"status-publish","4":"format-standard","6":"category-apartheid","7":"category-conference-debat","8":"category-discussion","9":"category-guerre"},"_links":{"self":[{"href":"https:\/\/www.asso-unil.ch\/grc\/wp-json\/wp\/v2\/posts\/3021","targetHints":{"allow":["GET"]}}],"collection":[{"href":"https:\/\/www.asso-unil.ch\/grc\/wp-json\/wp\/v2\/posts"}],"about":[{"href":"https:\/\/www.asso-unil.ch\/grc\/wp-json\/wp\/v2\/types\/post"}],"author":[{"embeddable":true,"href":"https:\/\/www.asso-unil.ch\/grc\/wp-json\/wp\/v2\/users\/212"}],"replies":[{"embeddable":true,"href":"https:\/\/www.asso-unil.ch\/grc\/wp-json\/wp\/v2\/comments?post=3021"}],"version-history":[{"count":0,"href":"https:\/\/www.asso-unil.ch\/grc\/wp-json\/wp\/v2\/posts\/3021\/revisions"}],"wp:attachment":[{"href":"https:\/\/www.asso-unil.ch\/grc\/wp-json\/wp\/v2\/media?parent=3021"}],"wp:term":[{"taxonomy":"category","embeddable":true,"href":"https:\/\/www.asso-unil.ch\/grc\/wp-json\/wp\/v2\/categories?post=3021"},{"taxonomy":"post_tag","embeddable":true,"href":"https:\/\/www.asso-unil.ch\/grc\/wp-json\/wp\/v2\/tags?post=3021"}],"curies":[{"name":"wp","href":"https:\/\/api.w.org\/{rel}","templated":true}]}}