{"id":2916,"date":"2023-03-28T21:58:00","date_gmt":"2023-03-28T19:58:00","guid":{"rendered":"https:\/\/www.asso-unil.ch\/grc\/?p=2916"},"modified":"2023-05-01T12:25:00","modified_gmt":"2023-05-01T10:25:00","slug":"la-place-financiere-le-paradis-fiscal-suisse-et-le-debacle-du-credit-suisse","status":"publish","type":"post","link":"https:\/\/www.asso-unil.ch\/grc\/2023\/03\/la-place-financiere-le-paradis-fiscal-suisse-et-le-debacle-du-credit-suisse\/","title":{"rendered":"La place financi\u00e8re, le paradis fiscal suisse et la d\u00e9b\u00e2cle du Cr\u00e9dit Suisse"},"content":{"rendered":"\n<figure class=\"wp-block-image size-large\"><a href=\"https:\/\/www.asso-unil.ch\/grc\/files\/2023\/03\/Affiche_place_financiere-1.jpg\"><img alt=\"\" loading=\"lazy\" decoding=\"async\" width=\"1024\" height=\"1016\" src=\"https:\/\/www.asso-unil.ch\/grc\/files\/2023\/03\/Affiche_place_financiere-1-1024x1016.jpg\" alt=\"\" class=\"wp-image-2927\" srcset=\"https:\/\/www.asso-unil.ch\/grc\/files\/2023\/03\/Affiche_place_financiere-1-1024x1016.jpg 1024w, https:\/\/www.asso-unil.ch\/grc\/files\/2023\/03\/Affiche_place_financiere-1-300x298.jpg 300w, https:\/\/www.asso-unil.ch\/grc\/files\/2023\/03\/Affiche_place_financiere-1-150x150.jpg 150w, https:\/\/www.asso-unil.ch\/grc\/files\/2023\/03\/Affiche_place_financiere-1-768x762.jpg 768w, https:\/\/www.asso-unil.ch\/grc\/files\/2023\/03\/Affiche_place_financiere-1.jpg 1210w\" sizes=\"auto, (max-width: 1024px) 100vw, 1024px\" \/><\/a><\/figure>\n\n\n\n<p>Discussion introduite par S\u00e9bastien Guex, Professeur d\u2019histoire contemporaine \u00e0 l\u2019universit\u00e9 de Lausanne, Sp\u00e9cialiste de la politique mon\u00e9taire et financi\u00e8re de la Suisse et de la gen\u00e8se du secret bancaire. Il travaille actuellement sur le processus qui m\u00e8ne \u00e0 l\u2019\u00e9mergence de la Suisse comme paradis fiscal.<\/p>\n\n\n\n<p>La crise actuelle de Cr\u00e9dit Suisse et, de ce fait, de la place financi\u00e8re suisse, n\u2019est pas due \u00e0 des errements de la direction ou le r\u00e9sultat d\u2019une mauvaise gestion, mais le produit logique d\u2019un choix fait par le petit cercle qui dirige les banques et ses repr\u00e9sentants politiques. Ce choix est de faire de la Suisse un haut lieu (peut \u00eatre le plus important au monde) de la fraude fiscale et du blanchiment d\u2019argent. Pour essayer de comprendre la crise actuelle, il faut donc se pencher sur l\u2019histoire de la place financi\u00e8re suisse et sur la gen\u00e8se de la Suisse comme paradis fiscal.<\/p>\n\n\n\n<p>Ainsi durant cette s\u00e9ance, nous nous demanderons comment et pourquoi la Suisse est devenue un paradis fiscal ? Quel r\u00f4le joue aujourd\u2019hui la Suisse et sa place financi\u00e8re dans le capitalisme mondial et l\u2019\u00e9vasion fiscale ? Quelles sont les cons\u00e9quences actuelles de cette politique ? Et quelles peuvent \u00eatre les \u00e9volutions futures ?<\/p>\n\n\n\n<p>Jeudi 06 avril 2023 dans la salle 2144 \u00e0 G\u00e9opolis. Au plaisir de vous voir prochainement !<\/p>\n","protected":false},"excerpt":{"rendered":"<p>Discussion introduite par S\u00e9bastien Guex, Professeur d\u2019histoire contemporaine \u00e0 l\u2019universit\u00e9 de Lausanne, Sp\u00e9cialiste de la politique mon\u00e9taire et financi\u00e8re de la Suisse et de la gen\u00e8se du secret bancaire. Il &hellip; <\/p>\n","protected":false},"author":212,"featured_media":0,"comment_status":"open","ping_status":"closed","sticky":false,"template":"","format":"standard","meta":{"_seopress_robots_primary_cat":"","_seopress_titles_title":"","_seopress_titles_desc":"","_seopress_robots_index":"","footnotes":""},"categories":[5,32],"tags":[],"class_list":{"0":"post-2916","1":"post","2":"type-post","3":"status-publish","4":"format-standard","6":"category-conference-debat","7":"category-economie-finance"},"_links":{"self":[{"href":"https:\/\/www.asso-unil.ch\/grc\/wp-json\/wp\/v2\/posts\/2916","targetHints":{"allow":["GET"]}}],"collection":[{"href":"https:\/\/www.asso-unil.ch\/grc\/wp-json\/wp\/v2\/posts"}],"about":[{"href":"https:\/\/www.asso-unil.ch\/grc\/wp-json\/wp\/v2\/types\/post"}],"author":[{"embeddable":true,"href":"https:\/\/www.asso-unil.ch\/grc\/wp-json\/wp\/v2\/users\/212"}],"replies":[{"embeddable":true,"href":"https:\/\/www.asso-unil.ch\/grc\/wp-json\/wp\/v2\/comments?post=2916"}],"version-history":[{"count":0,"href":"https:\/\/www.asso-unil.ch\/grc\/wp-json\/wp\/v2\/posts\/2916\/revisions"}],"wp:attachment":[{"href":"https:\/\/www.asso-unil.ch\/grc\/wp-json\/wp\/v2\/media?parent=2916"}],"wp:term":[{"taxonomy":"category","embeddable":true,"href":"https:\/\/www.asso-unil.ch\/grc\/wp-json\/wp\/v2\/categories?post=2916"},{"taxonomy":"post_tag","embeddable":true,"href":"https:\/\/www.asso-unil.ch\/grc\/wp-json\/wp\/v2\/tags?post=2916"}],"curies":[{"name":"wp","href":"https:\/\/api.w.org\/{rel}","templated":true}]}}