{"id":2667,"date":"2021-04-28T18:02:30","date_gmt":"2021-04-28T16:02:30","guid":{"rendered":"https:\/\/www.asso-unil.ch\/grc\/?p=2667"},"modified":"2021-05-06T21:41:25","modified_gmt":"2021-05-06T19:41:25","slug":"loi-sur-le-terrorisme","status":"publish","type":"post","link":"https:\/\/www.asso-unil.ch\/grc\/2021\/04\/loi-sur-le-terrorisme\/","title":{"rendered":"Pourquoi s&rsquo;opposer \u00e0 la Loi sur le terrorisme le 13 mai?"},"content":{"rendered":"<p><a href=\"https:\/\/www.asso-unil.ch\/grc\/files\/2021\/04\/fcdd1015-8c17-455e-b8b1-76ba2b806e32.jpg\"><img alt=\"\" loading=\"lazy\" decoding=\"async\" class=\" wp-image-2670 aligncenter\" src=\"https:\/\/www.asso-unil.ch\/grc\/files\/2021\/04\/fcdd1015-8c17-455e-b8b1-76ba2b806e32-300x150.jpg\" alt=\"\" width=\"522\" height=\"261\" srcset=\"https:\/\/www.asso-unil.ch\/grc\/files\/2021\/04\/fcdd1015-8c17-455e-b8b1-76ba2b806e32-300x150.jpg 300w, https:\/\/www.asso-unil.ch\/grc\/files\/2021\/04\/fcdd1015-8c17-455e-b8b1-76ba2b806e32-768x384.jpg 768w, https:\/\/www.asso-unil.ch\/grc\/files\/2021\/04\/fcdd1015-8c17-455e-b8b1-76ba2b806e32.jpg 990w\" sizes=\"auto, (max-width: 522px) 100vw, 522px\" \/><\/a><\/p>\n<p><strong>Jeudi 6 mai \u00e0 16h30 sur Zoom\u00a0<\/strong><\/p>\n<p>Lien Zoom : https:\/\/unil.zoom.us\/j\/97973813977<\/p>\n<p>Conf\u00e9rence publique avec: \u00a0<strong>Alicia Giraudel<\/strong> \u2013 juriste \u00e0 Amnesty international<\/p>\n<p>Le 13 juin prochain, nous sommes appel\u00e9\u00b7e\u00b7s \u00e0 nous prononcer sur la loi f\u00e9d\u00e9rale sur les mesures polici\u00e8res de lutte contre le terrorisme (MPT). Cette nouvelle loi donne \u00e0 la police un pouvoir d\u00e9mesur\u00e9, sans surveillance judiciaire et qui permet de mener des enqu\u00eates clandestines contre des personnes n\u2019ayant commis aucune infraction et m\u00eame contre des enfants. Sous couvert de lutte contre le terrorisme, cette loi d\u2019exception menacerait en fait gravement nos libert\u00e9s d\u00e9mocratiques et repr\u00e9senterait un risque majeur de d\u00e9rives autoritaires.<\/p>\n<p>L\u2019introduction d\u2019une d\u00e9finition floue et extensive de \u00ab terroriste potentiel \u00bb est l\u2019\u00e9l\u00e9ment central de cette loi. Toute personne mena\u00e7ant ou cherchant \u00e0 influencer l\u2019ordre \u00e9tatique pourrait \u00eatre qualifi\u00e9e de terroriste potentiel. Cela justifierait ainsi la surveillance de personnes actives dans les mouvements sociaux (gr\u00e8ve des femmes, gr\u00e8ve du climat par exemple) ou dans la solidarit\u00e9 avec des occupants (ZAD, immeubles vides\u2026), ou encore dans la solidarit\u00e9 avec des peuples ou communaut\u00e9s opprim\u00e9es en lutte (Kurdes au moyen orient, ou\u00efgours en Chine, afro-am\u00e9ricains aux Etats-Unis, etc.).<\/p>\n<p>Mais au-del\u00e0 du non-respect de ce qu\u2019il est convenu d\u2019appeler \u00ab l\u2019\u00c9tat de droit \u00bb, cette loi aura des cons\u00e9quences politiques tr\u00e8s inqui\u00e9tantes. Elles ouvrent notamment la possibilit\u00e9 de l\u00e9gitimer et de d\u00e9velopper une islamophobie d\u2019\u00c9tat qui pourra s\u2019appuyer sur des dispositifs l\u00e9gaux particuli\u00e8rement pernicieux. La stigmatisation et la violation des droits des personnes musulmanes vont se renforcer en m\u00eame temps que la criminalisation des organisations musulmanes et des mouvements de lib\u00e9ration.<\/p>\n<p>Pour discuter des enjeux de cette loi qui vont donc bien au-del\u00e0 de la lutte contre le terrorisme et pour r\u00e9pondre \u00e0 vos questions, nous vous invitons \u00e0 cette conf\u00e9rence en ligne avec Alicia Giraudel, juriste \u00e0 Amnesty International.\u00a0 Nous nous r\u00e9jouissons de vous y voir nombreux\u00b7euses!<\/p>\n","protected":false},"excerpt":{"rendered":"<p>Jeudi 6 mai \u00e0 16h30 sur Zoom\u00a0 Lien Zoom : https:\/\/unil.zoom.us\/j\/97973813977 Conf\u00e9rence publique avec: \u00a0Alicia Giraudel \u2013 juriste \u00e0 Amnesty international Le 13 juin prochain, nous sommes appel\u00e9\u00b7e\u00b7s \u00e0 nous &hellip; <\/p>\n","protected":false},"author":1001190,"featured_media":0,"comment_status":"open","ping_status":"closed","sticky":false,"template":"","format":"standard","meta":{"_seopress_robots_primary_cat":"","_seopress_titles_title":"","_seopress_titles_desc":"","_seopress_robots_index":"","footnotes":""},"categories":[64,57,92,47],"tags":[],"class_list":{"0":"post-2667","1":"post","2":"type-post","3":"status-publish","4":"format-standard","6":"category-actions-critiques","7":"category-migration-racisme-et-xenophobie","8":"category-referendum","9":"category-suisse"},"_links":{"self":[{"href":"https:\/\/www.asso-unil.ch\/grc\/wp-json\/wp\/v2\/posts\/2667","targetHints":{"allow":["GET"]}}],"collection":[{"href":"https:\/\/www.asso-unil.ch\/grc\/wp-json\/wp\/v2\/posts"}],"about":[{"href":"https:\/\/www.asso-unil.ch\/grc\/wp-json\/wp\/v2\/types\/post"}],"author":[{"embeddable":true,"href":"https:\/\/www.asso-unil.ch\/grc\/wp-json\/wp\/v2\/users\/1001190"}],"replies":[{"embeddable":true,"href":"https:\/\/www.asso-unil.ch\/grc\/wp-json\/wp\/v2\/comments?post=2667"}],"version-history":[{"count":0,"href":"https:\/\/www.asso-unil.ch\/grc\/wp-json\/wp\/v2\/posts\/2667\/revisions"}],"wp:attachment":[{"href":"https:\/\/www.asso-unil.ch\/grc\/wp-json\/wp\/v2\/media?parent=2667"}],"wp:term":[{"taxonomy":"category","embeddable":true,"href":"https:\/\/www.asso-unil.ch\/grc\/wp-json\/wp\/v2\/categories?post=2667"},{"taxonomy":"post_tag","embeddable":true,"href":"https:\/\/www.asso-unil.ch\/grc\/wp-json\/wp\/v2\/tags?post=2667"}],"curies":[{"name":"wp","href":"https:\/\/api.w.org\/{rel}","templated":true}]}}